{"id":3545,"date":"2026-03-31T07:45:54","date_gmt":"2026-03-31T10:45:54","guid":{"rendered":"https:\/\/blogdomello.com.br\/blog\/?p=3545"},"modified":"2026-03-31T07:51:03","modified_gmt":"2026-03-31T10:51:03","slug":"felicio-com-renata-ao-mdb","status":"publish","type":"post","link":"http:\/\/blogdomello.com.br\/blog\/felicio-com-renata-ao-mdb\/","title":{"rendered":"Felicio com Renata no MDB"},"content":{"rendered":"\n<figure class=\"is-style-nfd-dots-bottom-left wp-block-image size-full is-resized\"><img data-recalc-dims=\"1\" loading=\"lazy\" decoding=\"async\" width=\"343\" height=\"193\" data-attachment-id=\"3547\" data-permalink=\"http:\/\/blogdomello.com.br\/blog\/captura-de-tela-2026-03-31-as-07-40-47-2\/\" data-orig-file=\"https:\/\/i0.wp.com\/blogdomello.com.br\/blog\/wp-content\/uploads\/2026\/03\/Captura-de-Tela-2026-03-31-as-07.40.47-edited.png?fit=343%2C193\" data-orig-size=\"343,193\" data-comments-opened=\"0\" data-image-meta=\"{&quot;aperture&quot;:&quot;0&quot;,&quot;credit&quot;:&quot;&quot;,&quot;camera&quot;:&quot;&quot;,&quot;caption&quot;:&quot;&quot;,&quot;created_timestamp&quot;:&quot;0&quot;,&quot;copyright&quot;:&quot;&quot;,&quot;focal_length&quot;:&quot;0&quot;,&quot;iso&quot;:&quot;0&quot;,&quot;shutter_speed&quot;:&quot;0&quot;,&quot;title&quot;:&quot;&quot;,&quot;orientation&quot;:&quot;0&quot;}\" data-image-title=\"Captura de Tela 2026-03-31 a\u0300s 07.40.47\" data-image-description=\"\" data-image-caption=\"\" data-large-file=\"https:\/\/i0.wp.com\/blogdomello.com.br\/blog\/wp-content\/uploads\/2026\/03\/Captura-de-Tela-2026-03-31-as-07.40.47-edited.png?fit=343%2C193\" src=\"https:\/\/i0.wp.com\/blogdomello.com.br\/blog\/wp-content\/uploads\/2026\/03\/Captura-de-Tela-2026-03-31-as-07.40.47-edited.png?resize=343%2C193&#038;ssl=1\" alt=\"\" class=\"wp-image-3547\" style=\"width:643px;height:auto\" srcset=\"https:\/\/i0.wp.com\/blogdomello.com.br\/blog\/wp-content\/uploads\/2026\/03\/Captura-de-Tela-2026-03-31-as-07.40.47-edited.png?w=343 343w, https:\/\/i0.wp.com\/blogdomello.com.br\/blog\/wp-content\/uploads\/2026\/03\/Captura-de-Tela-2026-03-31-as-07.40.47-edited.png?resize=300%2C169 300w, https:\/\/i0.wp.com\/blogdomello.com.br\/blog\/wp-content\/uploads\/2026\/03\/Captura-de-Tela-2026-03-31-as-07.40.47-edited.png?resize=50%2C28 50w\" sizes=\"auto, (max-width: 343px) 100vw, 343px\" \/><\/figure>\n\n\n\n<p class=\"\">Renata Paiva anunciou na noite desta <strong>segunda-feira (30)<\/strong> sua sa\u00edda do PSD e filia\u00e7\u00e3o ao <strong>MDB<\/strong>. <\/p>\n\n\n\n<p class=\"\">O an\u00fancio foi feito ao lado do <em>presidente nacional do partido, Baleia Rossi<\/em>, e marca uma <strong>virada na trajet\u00f3ria pol\u00edtica<\/strong> da pr\u00e9-candidata a deputada federal por S\u00e3o Jos\u00e9 dos Campos.<\/p>\n\n\n\n<hr class=\"wp-block-separator has-alpha-channel-opacity\"\/>\n\n\n\n<h3 class=\"wp-block-heading\">Felicio puxa a fila<\/h3>\n\n\n\n<p class=\"\">A mudan\u00e7a acompanha o movimento do <strong>vice-governador Fel\u00edcio Ramuth<\/strong>, que tamb\u00e9m migrou para o MDB e declarou publicamente que <em><strong>Renata \u00e9 sua candidata a deputada federal<\/strong><\/em>. <\/p>\n\n\n\n<hr class=\"wp-block-separator has-alpha-channel-opacity\"\/>\n\n\n\n<h3 class=\"wp-block-heading\">Fim de uma era<\/h3>\n\n\n\n<p class=\"\">A decis\u00e3o encerra uma <strong>longa hist\u00f3ria de 30 anos de Renata com o DEM e depois, o PSD<\/strong> \u2014 partido que ela <em>ajudou a fundar em S\u00e3o Jos\u00e9 dos Campos<\/em> e onde construiu sua trajet\u00f3ria como <strong>vereadora, secret\u00e1ria adjunta e candidata \u00e0 prefeitura em 2020<\/strong>.<\/p>\n\n\n\n<hr class=\"wp-block-separator has-alpha-channel-opacity\"\/>\n\n\n\n<h3 class=\"wp-block-heading\">Nova etapa, mesmas bandeiras<\/h3>\n\n\n\n<p class=\"\">Com o novo partido, Renata se posiciona ao lado de <strong>Fel\u00edcio e do MDB<\/strong> na disputa por uma vaga na <strong>C\u00e2mara Federal<\/strong>. Renata disse que a nova trajet\u00f3ria n\u00e3o muda em nada o trabalho que ela sempre fez. <\/p>\n","protected":false},"excerpt":{"rendered":"<p>Renata Paiva anunciou na noite desta segunda-feira (30) sua sa\u00edda do PSD e filia\u00e7\u00e3o ao MDB. O an\u00fancio foi feito ao lado do presidente nacional do partido, Baleia Rossi, e marca uma virada na&#46;&#46;&#46;<\/p>\n","protected":false},"author":1,"featured_media":3547,"comment_status":"closed","ping_status":"open","sticky":false,"template":"","format":"standard","meta":{"nf_dc_page":"","om_disable_all_campaigns":false,"jetpack_post_was_ever_published":false,"_jetpack_newsletter_access":"","_jetpack_dont_email_post_to_subs":false,"_jetpack_newsletter_tier_id":0,"_jetpack_memberships_contains_paywalled_content":false,"_jetpack_memberships_contains_paid_content":false,"footnotes":"","jetpack_publicize_message":"","jetpack_publicize_feature_enabled":true,"jetpack_social_post_already_shared":true,"jetpack_social_options":{"image_generator_settings":{"template":"highway","default_image_id":0,"font":"","enabled":false},"version":2}},"categories":[398],"tags":[399,318,400,316],"class_list":["post-3545","post","type-post","status-publish","format-standard","has-post-thumbnail","hentry","category-eleicoes-2026","tag-baleia-rossi","tag-felicio-ramuth-2","tag-mdb","tag-renata-paiva"],"wppr_data":{"cwp_meta_box_check":"No"},"jetpack_publicize_connections":[],"jetpack_featured_media_url":"https:\/\/i0.wp.com\/blogdomello.com.br\/blog\/wp-content\/uploads\/2026\/03\/Captura-de-Tela-2026-03-31-as-07.40.47-edited.png?fit=343%2C193","jetpack_sharing_enabled":true,"jetpack_shortlink":"https:\/\/wp.me\/p6LMUA-Vb","jetpack-related-posts":[{"id":3416,"url":"http:\/\/blogdomello.com.br\/blog\/kassab-e-lider-e-leal-ao-tarcisio-nao-atua-como-dono-de-partido-diz-anderson-ao-estadao\/","url_meta":{"origin":3545,"position":0},"title":"&#8220;Kassab \u00e9 l\u00edder e leal ao Tarc\u00edsio, n\u00e3o atua como dono de partido&#8221;, diz Anderson ao Estad\u00e3o","author":"danmello","date":"29\/10\/2024 - 07:24","format":false,"excerpt":"O prefeito reeleito Anderson Farias destacou a import\u00e2ncia do PSD e desacartou rivalidade com o PL em n\u00edvel estadual.","rel":"","context":"Em &quot;Elei\u00e7\u00f5es 2024&quot;","block_context":{"text":"Elei\u00e7\u00f5es 2024","link":"http:\/\/blogdomello.com.br\/blog\/category\/eleicoes-2024\/"},"img":{"alt_text":"","src":"https:\/\/i0.wp.com\/blogdomello.com.br\/blog\/wp-content\/uploads\/2024\/10\/Captura-de-tela-2024-10-29-071912.png?fit=881%2C478&resize=350%2C200","width":350,"height":200,"srcset":"https:\/\/i0.wp.com\/blogdomello.com.br\/blog\/wp-content\/uploads\/2024\/10\/Captura-de-tela-2024-10-29-071912.png?fit=881%2C478&resize=350%2C200 1x, https:\/\/i0.wp.com\/blogdomello.com.br\/blog\/wp-content\/uploads\/2024\/10\/Captura-de-tela-2024-10-29-071912.png?fit=881%2C478&resize=525%2C300 1.5x, https:\/\/i0.wp.com\/blogdomello.com.br\/blog\/wp-content\/uploads\/2024\/10\/Captura-de-tela-2024-10-29-071912.png?fit=881%2C478&resize=700%2C400 2x"},"classes":[]},{"id":3535,"url":"http:\/\/blogdomello.com.br\/blog\/dulce-desiste-de-brasilia\/","url_meta":{"origin":3545,"position":1},"title":"Dulce desiste de Bras\u00edlia","author":"danmello","date":"31\/03\/2026 - 07:27","format":false,"excerpt":"Past\u00e9is, feira e pol\u00edtica: j\u00e1 come\u00e7ou a campanha eleitoral em S\u00e3o Jos\u00e9","rel":"","context":"Em &quot;Elei\u00e7\u00f5es 2026&quot;","block_context":{"text":"Elei\u00e7\u00f5es 2026","link":"http:\/\/blogdomello.com.br\/blog\/category\/eleicoes-2026\/"},"img":{"alt_text":"","src":"https:\/\/i0.wp.com\/blogdomello.com.br\/blog\/wp-content\/uploads\/2026\/03\/image-edited-1.png?fit=886%2C498&resize=350%2C200","width":350,"height":200,"srcset":"https:\/\/i0.wp.com\/blogdomello.com.br\/blog\/wp-content\/uploads\/2026\/03\/image-edited-1.png?fit=886%2C498&resize=350%2C200 1x, https:\/\/i0.wp.com\/blogdomello.com.br\/blog\/wp-content\/uploads\/2026\/03\/image-edited-1.png?fit=886%2C498&resize=525%2C300 1.5x, https:\/\/i0.wp.com\/blogdomello.com.br\/blog\/wp-content\/uploads\/2026\/03\/image-edited-1.png?fit=886%2C498&resize=700%2C400 2x"},"classes":[]},{"id":3492,"url":"http:\/\/blogdomello.com.br\/blog\/posicoes-invertidas-em-2025-ortiz-na-alesp-e-sergio-victor-no-bom-conselho\/","url_meta":{"origin":3545,"position":2},"title":"Posi\u00e7\u00f5es invertidas em 2025? Ortiz na ALESP e S\u00e9rgio Victor no Bom Conselho","author":"danmello","date":"31\/10\/2024 - 12:17","format":false,"excerpt":"Invers\u00e3o de pap\u00e9is pode acontecer! Ortiz deve assumir vaga de deputado estadual na Alesp em 2025, enquanto S\u00e9rgio comanda Taubat\u00e9 como prefeito.","rel":"","context":"Em &quot;Taubat\u00e9&quot;","block_context":{"text":"Taubat\u00e9","link":"http:\/\/blogdomello.com.br\/blog\/category\/taubate\/"},"img":{"alt_text":"","src":"https:\/\/i0.wp.com\/blogdomello.com.br\/blog\/wp-content\/uploads\/2024\/10\/image-10.png?fit=850%2C566&resize=350%2C200","width":350,"height":200,"srcset":"https:\/\/i0.wp.com\/blogdomello.com.br\/blog\/wp-content\/uploads\/2024\/10\/image-10.png?fit=850%2C566&resize=350%2C200 1x, https:\/\/i0.wp.com\/blogdomello.com.br\/blog\/wp-content\/uploads\/2024\/10\/image-10.png?fit=850%2C566&resize=525%2C300 1.5x, https:\/\/i0.wp.com\/blogdomello.com.br\/blog\/wp-content\/uploads\/2024\/10\/image-10.png?fit=850%2C566&resize=700%2C400 2x"},"classes":[]},{"id":3388,"url":"http:\/\/blogdomello.com.br\/blog\/com-que-salto-eu-vou\/","url_meta":{"origin":3545,"position":3},"title":"Com que salto eu vou?","author":"danmello","date":"28\/10\/2024 - 14:29","format":false,"excerpt":"A escolha parecia simples para Eduardo Cury, nas elei\u00e7\u00f5es de 2024: o \"sapato velho de Salto 45\", ou \u201csapato de grife novo de Salto 22\u201d. Anderson venceu a elei\u00e7\u00e3o de forma merecida, que reflete a avalia\u00e7\u00e3o do seu governo. O joseense quer trabalho! Mas vamos falar do advers\u00e1rio, no day\u2026","rel":"","context":"Em &quot;Cidade&quot;","block_context":{"text":"Cidade","link":"http:\/\/blogdomello.com.br\/blog\/category\/cidade\/"},"img":{"alt_text":"","src":"https:\/\/i0.wp.com\/blogdomello.com.br\/blog\/wp-content\/uploads\/2024\/10\/1e3325ec-0787-4781-bac5-0ebf608bacee.jpeg?fit=1024%2C1024&resize=350%2C200","width":350,"height":200,"srcset":"https:\/\/i0.wp.com\/blogdomello.com.br\/blog\/wp-content\/uploads\/2024\/10\/1e3325ec-0787-4781-bac5-0ebf608bacee.jpeg?fit=1024%2C1024&resize=350%2C200 1x, https:\/\/i0.wp.com\/blogdomello.com.br\/blog\/wp-content\/uploads\/2024\/10\/1e3325ec-0787-4781-bac5-0ebf608bacee.jpeg?fit=1024%2C1024&resize=525%2C300 1.5x, https:\/\/i0.wp.com\/blogdomello.com.br\/blog\/wp-content\/uploads\/2024\/10\/1e3325ec-0787-4781-bac5-0ebf608bacee.jpeg?fit=1024%2C1024&resize=700%2C400 2x"},"classes":[]},{"id":3435,"url":"http:\/\/blogdomello.com.br\/blog\/cachorro-quente-e-justica-so-pode-ser-vitoria-da-dona-neusa\/","url_meta":{"origin":3545,"position":4},"title":"Cachorro quente e justi\u00e7a: s\u00f3 pode ser vit\u00f3ria da Dona Neusa!","author":"danmello","date":"29\/10\/2024 - 23:31","format":false,"excerpt":"Dona Neusa, famosa por seu cachorro-quente, enfrentou mais uma vez a persegui\u00e7\u00e3o do ex-prefeito Eduardo Cury.","rel":"","context":"Em &quot;Elei\u00e7\u00f5es 2024&quot;","block_context":{"text":"Elei\u00e7\u00f5es 2024","link":"http:\/\/blogdomello.com.br\/blog\/category\/eleicoes-2024\/"},"img":{"alt_text":"","src":"https:\/\/i0.wp.com\/blogdomello.com.br\/blog\/wp-content\/uploads\/2024\/10\/image-2.png?fit=640%2C428&resize=350%2C200","width":350,"height":200,"srcset":"https:\/\/i0.wp.com\/blogdomello.com.br\/blog\/wp-content\/uploads\/2024\/10\/image-2.png?fit=640%2C428&resize=350%2C200 1x, https:\/\/i0.wp.com\/blogdomello.com.br\/blog\/wp-content\/uploads\/2024\/10\/image-2.png?fit=640%2C428&resize=525%2C300 1.5x"},"classes":[]},{"id":3495,"url":"http:\/\/blogdomello.com.br\/blog\/garotada-do-pinheirinho-tem-um-dia-com-a-aguia\/","url_meta":{"origin":3545,"position":5},"title":"Garotada do Pinheirinho tem um dia com a \u00c1guia","author":"danmello","date":"31\/10\/2024 - 12:30","format":false,"excerpt":"O S\u00e3o Jos\u00e9 EC recebeu 30 crian\u00e7as do projeto social Palmares FC, proporcionando um dia inesquec\u00edvel com apoio do Sicredi.","rel":"","context":"Em &quot;Esporte&quot;","block_context":{"text":"Esporte","link":"http:\/\/blogdomello.com.br\/blog\/category\/esporte\/"},"img":{"alt_text":"","src":"https:\/\/i0.wp.com\/blogdomello.com.br\/blog\/wp-content\/uploads\/2024\/10\/image-11.png?fit=1200%2C797&resize=350%2C200","width":350,"height":200,"srcset":"https:\/\/i0.wp.com\/blogdomello.com.br\/blog\/wp-content\/uploads\/2024\/10\/image-11.png?fit=1200%2C797&resize=350%2C200 1x, https:\/\/i0.wp.com\/blogdomello.com.br\/blog\/wp-content\/uploads\/2024\/10\/image-11.png?fit=1200%2C797&resize=525%2C300 1.5x, https:\/\/i0.wp.com\/blogdomello.com.br\/blog\/wp-content\/uploads\/2024\/10\/image-11.png?fit=1200%2C797&resize=700%2C400 2x, https:\/\/i0.wp.com\/blogdomello.com.br\/blog\/wp-content\/uploads\/2024\/10\/image-11.png?fit=1200%2C797&resize=1050%2C600 3x"},"classes":[]}],"jetpack_likes_enabled":false,"_links":{"self":[{"href":"http:\/\/blogdomello.com.br\/blog\/wp-json\/wp\/v2\/posts\/3545","targetHints":{"allow":["GET"]}}],"collection":[{"href":"http:\/\/blogdomello.com.br\/blog\/wp-json\/wp\/v2\/posts"}],"about":[{"href":"http:\/\/blogdomello.com.br\/blog\/wp-json\/wp\/v2\/types\/post"}],"author":[{"embeddable":true,"href":"http:\/\/blogdomello.com.br\/blog\/wp-json\/wp\/v2\/users\/1"}],"replies":[{"embeddable":true,"href":"http:\/\/blogdomello.com.br\/blog\/wp-json\/wp\/v2\/comments?post=3545"}],"version-history":[{"count":5,"href":"http:\/\/blogdomello.com.br\/blog\/wp-json\/wp\/v2\/posts\/3545\/revisions"}],"predecessor-version":[{"id":3553,"href":"http:\/\/blogdomello.com.br\/blog\/wp-json\/wp\/v2\/posts\/3545\/revisions\/3553"}],"wp:featuredmedia":[{"embeddable":true,"href":"http:\/\/blogdomello.com.br\/blog\/wp-json\/wp\/v2\/media\/3547"}],"wp:attachment":[{"href":"http:\/\/blogdomello.com.br\/blog\/wp-json\/wp\/v2\/media?parent=3545"}],"wp:term":[{"taxonomy":"category","embeddable":true,"href":"http:\/\/blogdomello.com.br\/blog\/wp-json\/wp\/v2\/categories?post=3545"},{"taxonomy":"post_tag","embeddable":true,"href":"http:\/\/blogdomello.com.br\/blog\/wp-json\/wp\/v2\/tags?post=3545"}],"curies":[{"name":"wp","href":"https:\/\/api.w.org\/{rel}","templated":true}]}}