{"id":3535,"date":"2026-03-31T07:27:39","date_gmt":"2026-03-31T10:27:39","guid":{"rendered":"https:\/\/blogdomello.com.br\/blog\/?p=3535"},"modified":"2026-03-31T07:51:30","modified_gmt":"2026-03-31T10:51:30","slug":"dulce-desiste-de-brasilia","status":"publish","type":"post","link":"http:\/\/blogdomello.com.br\/blog\/dulce-desiste-de-brasilia\/","title":{"rendered":"Dulce desiste de Bras\u00edlia"},"content":{"rendered":"\n<figure class=\"wp-block-image size-large\"><img data-recalc-dims=\"1\" loading=\"lazy\" decoding=\"async\" width=\"886\" height=\"498\" data-attachment-id=\"3539\" data-permalink=\"http:\/\/blogdomello.com.br\/blog\/image-29\/\" data-orig-file=\"https:\/\/i0.wp.com\/blogdomello.com.br\/blog\/wp-content\/uploads\/2026\/03\/image-edited-1.png?fit=886%2C498\" data-orig-size=\"886,498\" data-comments-opened=\"0\" data-image-meta=\"{&quot;aperture&quot;:&quot;0&quot;,&quot;credit&quot;:&quot;&quot;,&quot;camera&quot;:&quot;&quot;,&quot;caption&quot;:&quot;&quot;,&quot;created_timestamp&quot;:&quot;0&quot;,&quot;copyright&quot;:&quot;&quot;,&quot;focal_length&quot;:&quot;0&quot;,&quot;iso&quot;:&quot;0&quot;,&quot;shutter_speed&quot;:&quot;0&quot;,&quot;title&quot;:&quot;&quot;,&quot;orientation&quot;:&quot;0&quot;}\" data-image-title=\"image\" data-image-description=\"\" data-image-caption=\"\" data-large-file=\"https:\/\/i0.wp.com\/blogdomello.com.br\/blog\/wp-content\/uploads\/2026\/03\/image-edited-1.png?fit=886%2C498\" src=\"https:\/\/i0.wp.com\/blogdomello.com.br\/blog\/wp-content\/uploads\/2026\/03\/image-edited-1.png?resize=886%2C498&#038;ssl=1\" alt=\"\" class=\"wp-image-3539\" srcset=\"https:\/\/i0.wp.com\/blogdomello.com.br\/blog\/wp-content\/uploads\/2026\/03\/image-edited-1.png?w=886 886w, https:\/\/i0.wp.com\/blogdomello.com.br\/blog\/wp-content\/uploads\/2026\/03\/image-edited-1.png?resize=300%2C169 300w, https:\/\/i0.wp.com\/blogdomello.com.br\/blog\/wp-content\/uploads\/2026\/03\/image-edited-1.png?resize=768%2C432 768w, https:\/\/i0.wp.com\/blogdomello.com.br\/blog\/wp-content\/uploads\/2026\/03\/image-edited-1.png?resize=50%2C28 50w\" sizes=\"auto, (max-width: 886px) 100vw, 886px\" \/><figcaption class=\"wp-element-caption\">Ex-vereadora aproveitou o domingo para anunciar a mudan\u00e7a em Santana (Reprodu\u00e7\u00e3o\/ Facebook)<\/figcaption><\/figure>\n\n\n\n<p class=\"\">Foi na feira de Santana, no \u00faltimo domingo, entre past\u00e9is e frutas, que a decis\u00e3o foi anunciada: <strong>Dulce Rita desistiu da disputa pela C\u00e2mara Federal.<\/strong> A pr\u00e9-candidata vai tentar uma vaga de deputada estadual.<\/p>\n\n\n\n<p class=\"\">Dulce deixou o Podemos e voltou ao Uni\u00e3o Brasil, aceitando o convite de <strong>Dr. Elton<\/strong>, com a ideia de reeditar a parceria &#8220;conservadora-progressista&#8221;. <\/p>\n\n\n\n<p class=\"\">Ao aceitar, ela abre m\u00e3o da possibilidade de um fundo eleitoral mais robusto \u2014 que beneficia mulheres candidatas ao federal \u2014 em favor da estrat\u00e9gia do grupo de oposi\u00e7\u00e3o ao prefeito Anderson Farias (PSD).<\/p>\n\n\n\n<h2 class=\"wp-block-heading\">O que est\u00e1 por tr\u00e1s dessa jogada?<\/h2>\n\n\n\n<p class=\"\">O horizonte real \u00e9 <strong>2028<\/strong>. Dr. Elton, ao aceitar disputar o federal, quer construir uma imagem de quem <em>&#8220;ousou ir mais longe&#8221;<\/em> \u2014 um argumento pol\u00edtico para a corrida \u00e0 prefeitura de S\u00e3o Jos\u00e9 daqui a dois anos. <\/p>\n\n\n\n<p class=\"\">O risco? Se ele for mal nas urnas, ele fica dois anos sem mandato e sem espa\u00e7o de visibilidade.<\/p>\n\n\n\n<h2 class=\"wp-block-heading\">O rel\u00f3gio est\u00e1 correndo<\/h2>\n\n\n\n<p class=\"\">Faltam apenas <strong>72 horas<\/strong> para o prazo final de trocas de partido \u2014 3 de abril. Em S\u00e3o Jos\u00e9, a disputa federal promete ser acirrada, com um fundo eleitoral recorde regando as candidaturas.<\/p>\n\n\n\n<p class=\"\">Nesse cen\u00e1rio, Dulce e Elton apostam juntos no futuro. A quest\u00e3o \u00e9 se o presente e o eleitor aguenta a aposta.<\/p>\n","protected":false},"excerpt":{"rendered":"<p>Past\u00e9is, feira e pol\u00edtica: j\u00e1 come\u00e7ou a campanha eleitoral em S\u00e3o Jos\u00e9<\/p>\n","protected":false},"author":1,"featured_media":3539,"comment_status":"closed","ping_status":"open","sticky":false,"template":"","format":"standard","meta":{"nf_dc_page":"","om_disable_all_campaigns":false,"jetpack_post_was_ever_published":false,"_jetpack_newsletter_access":"","_jetpack_dont_email_post_to_subs":false,"_jetpack_newsletter_tier_id":0,"_jetpack_memberships_contains_paywalled_content":false,"_jetpack_memberships_contains_paid_content":false,"footnotes":"","jetpack_publicize_message":"","jetpack_publicize_feature_enabled":true,"jetpack_social_post_already_shared":true,"jetpack_social_options":{"image_generator_settings":{"template":"highway","default_image_id":0,"font":"","enabled":false},"version":2}},"categories":[398],"tags":[396,116,395,397],"class_list":["post-3535","post","type-post","status-publish","format-standard","has-post-thumbnail","hentry","category-eleicoes-2026","tag-dr-elton","tag-dulce-rita","tag-eleicao-2026","tag-uniao-brasil"],"wppr_data":{"cwp_meta_box_check":"No"},"jetpack_publicize_connections":[],"jetpack_featured_media_url":"https:\/\/i0.wp.com\/blogdomello.com.br\/blog\/wp-content\/uploads\/2026\/03\/image-edited-1.png?fit=886%2C498","jetpack_sharing_enabled":true,"jetpack_shortlink":"https:\/\/wp.me\/p6LMUA-V1","jetpack-related-posts":[{"id":3488,"url":"http:\/\/blogdomello.com.br\/blog\/prometeu-dinheiro-e-deu-o-calote-nas-empresas-de-onibus\/","url_meta":{"origin":3535,"position":0},"title":"Prometeu dinheiro e deu o &#8220;calote&#8221; nas empresas de \u00f4nibus","author":"danmello","date":"31\/10\/2024 - 12:33","format":false,"excerpt":"Greve explode ap\u00f3s promessa furada! Ser\u00e1 estelionato eleitoral?","rel":"","context":"Em &quot;Jacare\u00ed&quot;","block_context":{"text":"Jacare\u00ed","link":"http:\/\/blogdomello.com.br\/blog\/category\/jacarei\/"},"img":{"alt_text":"","src":"https:\/\/i0.wp.com\/blogdomello.com.br\/blog\/wp-content\/uploads\/2024\/10\/image-9.png?fit=770%2C431&resize=350%2C200","width":350,"height":200,"srcset":"https:\/\/i0.wp.com\/blogdomello.com.br\/blog\/wp-content\/uploads\/2024\/10\/image-9.png?fit=770%2C431&resize=350%2C200 1x, https:\/\/i0.wp.com\/blogdomello.com.br\/blog\/wp-content\/uploads\/2024\/10\/image-9.png?fit=770%2C431&resize=525%2C300 1.5x, https:\/\/i0.wp.com\/blogdomello.com.br\/blog\/wp-content\/uploads\/2024\/10\/image-9.png?fit=770%2C431&resize=700%2C400 2x"},"classes":[]},{"id":3406,"url":"http:\/\/blogdomello.com.br\/blog\/cury-ve-vantagem-de-anderson-aumentar-no-2o-turno\/","url_meta":{"origin":3535,"position":1},"title":"Cury v\u00ea vantagem de Anderson aumentar no 2\u00ba turno","author":"danmello","date":"28\/10\/2024 - 17:48","format":false,"excerpt":"Anderson ampliou diferen\u00e7a em pelo menos 10% do que tinha conquistado em primeiro turno Em apenas 20 dias de campanha, Anderson conseguiu aumentar sua vantagem para 55.687 votos em rela\u00e7\u00e3o a Eduardo Cury. Assim, a diferen\u00e7a aumentou em 5.573 votos. Mesmo com um esfor\u00e7o adicional dos aliados de \u00faltima hora,\u2026","rel":"","context":"Em &quot;Elei\u00e7\u00f5es 2024&quot;","block_context":{"text":"Elei\u00e7\u00f5es 2024","link":"http:\/\/blogdomello.com.br\/blog\/category\/eleicoes-2024\/"},"img":{"alt_text":"","src":"https:\/\/i0.wp.com\/blogdomello.com.br\/blog\/wp-content\/uploads\/2024\/10\/ANDERSON-FESTA-VITORIA-PSD-DIVULG-8-768x512-1.jpg?fit=768%2C512&resize=350%2C200","width":350,"height":200,"srcset":"https:\/\/i0.wp.com\/blogdomello.com.br\/blog\/wp-content\/uploads\/2024\/10\/ANDERSON-FESTA-VITORIA-PSD-DIVULG-8-768x512-1.jpg?fit=768%2C512&resize=350%2C200 1x, https:\/\/i0.wp.com\/blogdomello.com.br\/blog\/wp-content\/uploads\/2024\/10\/ANDERSON-FESTA-VITORIA-PSD-DIVULG-8-768x512-1.jpg?fit=768%2C512&resize=525%2C300 1.5x, https:\/\/i0.wp.com\/blogdomello.com.br\/blog\/wp-content\/uploads\/2024\/10\/ANDERSON-FESTA-VITORIA-PSD-DIVULG-8-768x512-1.jpg?fit=768%2C512&resize=700%2C400 2x"},"classes":[]},{"id":3426,"url":"http:\/\/blogdomello.com.br\/blog\/perguntar-nao-ofende-prefeito-de-jacarei-e-a-dilma-que-cury-previa\/","url_meta":{"origin":3535,"position":2},"title":"Perguntar, n\u00e3o ofende: Iza\u00edas \u00e9 a \u201cDilma\u201d que Cury previa?","author":"danmello","date":"29\/10\/2024 - 22:37","format":false,"excerpt":"Cury e Emanuel previram a crise em S\u00e3o Jos\u00e9, mas erraram: o verdadeiro drama financeiro explode em Jacare\u00ed, onde Iza\u00edas Santana n\u00e3o deve ter seguido a cartilha da boa gest\u00e3o.","rel":"","context":"Em &quot;Jacare\u00ed&quot;","block_context":{"text":"Jacare\u00ed","link":"http:\/\/blogdomello.com.br\/blog\/category\/jacarei\/"},"img":{"alt_text":"","src":"https:\/\/i0.wp.com\/blogdomello.com.br\/blog\/wp-content\/uploads\/2024\/10\/DILMA-DE-JACAREI.png?fit=1080%2C1080&resize=350%2C200","width":350,"height":200,"srcset":"https:\/\/i0.wp.com\/blogdomello.com.br\/blog\/wp-content\/uploads\/2024\/10\/DILMA-DE-JACAREI.png?fit=1080%2C1080&resize=350%2C200 1x, https:\/\/i0.wp.com\/blogdomello.com.br\/blog\/wp-content\/uploads\/2024\/10\/DILMA-DE-JACAREI.png?fit=1080%2C1080&resize=525%2C300 1.5x, https:\/\/i0.wp.com\/blogdomello.com.br\/blog\/wp-content\/uploads\/2024\/10\/DILMA-DE-JACAREI.png?fit=1080%2C1080&resize=700%2C400 2x, https:\/\/i0.wp.com\/blogdomello.com.br\/blog\/wp-content\/uploads\/2024\/10\/DILMA-DE-JACAREI.png?fit=1080%2C1080&resize=1050%2C600 3x"},"classes":[]},{"id":3388,"url":"http:\/\/blogdomello.com.br\/blog\/com-que-salto-eu-vou\/","url_meta":{"origin":3535,"position":3},"title":"Com que salto eu vou?","author":"danmello","date":"28\/10\/2024 - 14:29","format":false,"excerpt":"A escolha parecia simples para Eduardo Cury, nas elei\u00e7\u00f5es de 2024: o \"sapato velho de Salto 45\", ou \u201csapato de grife novo de Salto 22\u201d. Anderson venceu a elei\u00e7\u00e3o de forma merecida, que reflete a avalia\u00e7\u00e3o do seu governo. O joseense quer trabalho! Mas vamos falar do advers\u00e1rio, no day\u2026","rel":"","context":"Em &quot;Cidade&quot;","block_context":{"text":"Cidade","link":"http:\/\/blogdomello.com.br\/blog\/category\/cidade\/"},"img":{"alt_text":"","src":"https:\/\/i0.wp.com\/blogdomello.com.br\/blog\/wp-content\/uploads\/2024\/10\/1e3325ec-0787-4781-bac5-0ebf608bacee.jpeg?fit=1024%2C1024&resize=350%2C200","width":350,"height":200,"srcset":"https:\/\/i0.wp.com\/blogdomello.com.br\/blog\/wp-content\/uploads\/2024\/10\/1e3325ec-0787-4781-bac5-0ebf608bacee.jpeg?fit=1024%2C1024&resize=350%2C200 1x, https:\/\/i0.wp.com\/blogdomello.com.br\/blog\/wp-content\/uploads\/2024\/10\/1e3325ec-0787-4781-bac5-0ebf608bacee.jpeg?fit=1024%2C1024&resize=525%2C300 1.5x, https:\/\/i0.wp.com\/blogdomello.com.br\/blog\/wp-content\/uploads\/2024\/10\/1e3325ec-0787-4781-bac5-0ebf608bacee.jpeg?fit=1024%2C1024&resize=700%2C400 2x"},"classes":[]},{"id":3435,"url":"http:\/\/blogdomello.com.br\/blog\/cachorro-quente-e-justica-so-pode-ser-vitoria-da-dona-neusa\/","url_meta":{"origin":3535,"position":4},"title":"Cachorro quente e justi\u00e7a: s\u00f3 pode ser vit\u00f3ria da Dona Neusa!","author":"danmello","date":"29\/10\/2024 - 23:31","format":false,"excerpt":"Dona Neusa, famosa por seu cachorro-quente, enfrentou mais uma vez a persegui\u00e7\u00e3o do ex-prefeito Eduardo Cury.","rel":"","context":"Em &quot;Elei\u00e7\u00f5es 2024&quot;","block_context":{"text":"Elei\u00e7\u00f5es 2024","link":"http:\/\/blogdomello.com.br\/blog\/category\/eleicoes-2024\/"},"img":{"alt_text":"","src":"https:\/\/i0.wp.com\/blogdomello.com.br\/blog\/wp-content\/uploads\/2024\/10\/image-2.png?fit=640%2C428&resize=350%2C200","width":350,"height":200,"srcset":"https:\/\/i0.wp.com\/blogdomello.com.br\/blog\/wp-content\/uploads\/2024\/10\/image-2.png?fit=640%2C428&resize=350%2C200 1x, https:\/\/i0.wp.com\/blogdomello.com.br\/blog\/wp-content\/uploads\/2024\/10\/image-2.png?fit=640%2C428&resize=525%2C300 1.5x"},"classes":[]},{"id":3545,"url":"http:\/\/blogdomello.com.br\/blog\/felicio-com-renata-ao-mdb\/","url_meta":{"origin":3535,"position":5},"title":"Felicio com Renata no MDB","author":"danmello","date":"31\/03\/2026 - 07:45","format":false,"excerpt":"Renata Paiva anunciou na noite desta segunda-feira (30) sua sa\u00edda do PSD e filia\u00e7\u00e3o ao MDB. O an\u00fancio foi feito ao lado do presidente nacional do partido, Baleia Rossi, e marca uma virada na trajet\u00f3ria pol\u00edtica da pr\u00e9-candidata a deputada federal por S\u00e3o Jos\u00e9 dos Campos. Felicio puxa a fila\u2026","rel":"","context":"Em &quot;Elei\u00e7\u00f5es 2026&quot;","block_context":{"text":"Elei\u00e7\u00f5es 2026","link":"http:\/\/blogdomello.com.br\/blog\/category\/eleicoes-2026\/"},"img":{"alt_text":"","src":"https:\/\/i0.wp.com\/blogdomello.com.br\/blog\/wp-content\/uploads\/2026\/03\/Captura-de-Tela-2026-03-31-as-07.40.47-edited.png?resize=350%2C200&ssl=1","width":350,"height":200},"classes":[]}],"jetpack_likes_enabled":false,"_links":{"self":[{"href":"http:\/\/blogdomello.com.br\/blog\/wp-json\/wp\/v2\/posts\/3535","targetHints":{"allow":["GET"]}}],"collection":[{"href":"http:\/\/blogdomello.com.br\/blog\/wp-json\/wp\/v2\/posts"}],"about":[{"href":"http:\/\/blogdomello.com.br\/blog\/wp-json\/wp\/v2\/types\/post"}],"author":[{"embeddable":true,"href":"http:\/\/blogdomello.com.br\/blog\/wp-json\/wp\/v2\/users\/1"}],"replies":[{"embeddable":true,"href":"http:\/\/blogdomello.com.br\/blog\/wp-json\/wp\/v2\/comments?post=3535"}],"version-history":[{"count":4,"href":"http:\/\/blogdomello.com.br\/blog\/wp-json\/wp\/v2\/posts\/3535\/revisions"}],"predecessor-version":[{"id":3543,"href":"http:\/\/blogdomello.com.br\/blog\/wp-json\/wp\/v2\/posts\/3535\/revisions\/3543"}],"wp:featuredmedia":[{"embeddable":true,"href":"http:\/\/blogdomello.com.br\/blog\/wp-json\/wp\/v2\/media\/3539"}],"wp:attachment":[{"href":"http:\/\/blogdomello.com.br\/blog\/wp-json\/wp\/v2\/media?parent=3535"}],"wp:term":[{"taxonomy":"category","embeddable":true,"href":"http:\/\/blogdomello.com.br\/blog\/wp-json\/wp\/v2\/categories?post=3535"},{"taxonomy":"post_tag","embeddable":true,"href":"http:\/\/blogdomello.com.br\/blog\/wp-json\/wp\/v2\/tags?post=3535"}],"curies":[{"name":"wp","href":"https:\/\/api.w.org\/{rel}","templated":true}]}}