{"id":3521,"date":"2025-09-22T23:47:27","date_gmt":"2025-09-23T02:47:27","guid":{"rendered":"https:\/\/blogdomello.com.br\/blog\/?p=3521"},"modified":"2025-09-23T00:16:47","modified_gmt":"2025-09-23T03:16:47","slug":"gramado-prefeitura-e-time-imaturo-as-desculpas-do-sao-jose-para-abandonar-a-copinha","status":"publish","type":"post","link":"http:\/\/blogdomello.com.br\/blog\/gramado-prefeitura-e-time-imaturo-as-desculpas-do-sao-jose-para-abandonar-a-copinha\/","title":{"rendered":"Gramado, Prefeitura e &#8216;Time Imaturo&#8217;: As desculpas do S\u00e3o Jos\u00e9 para abandonar a Copinha"},"content":{"rendered":"\n<p>O torcedor do <strong>S\u00e3o Jos\u00e9 Esporte Clube<\/strong> recebeu um balde de \u00e1gua fria nesta segunda-feira (22). <\/p>\n\n\n\n<p>Em meio a um balan\u00e7o de temporada que tentava soar otimista, a diretoria da SAF confirmou: a \u00c1guia do Vale est\u00e1 fora da Copa S\u00e3o Paulo de Futebol J\u00fanior de 2026.<\/p>\n\n\n\n<p>Para uma cidade que se acostumou a respirar futebol em janeiro, a not\u00edcia \u00e9 muito ruim. E as justificativas, sejamos sinceros, s\u00e3o dif\u00edceis de engolir. <\/p>\n\n\n\n<p><strong>A diretoria n\u00e3o est\u00e1 a fim de promover um momento de alegria para o torcedor que d\u00ea preju\u00edzo. Simples, n\u00e3o quer gastar com a Copinha! N\u00e3o \u00e9 obrigado, e est\u00e1 tudo certo\u2026<\/strong><\/p>\n\n\n\n<p>A decis\u00e3o apaga de S\u00e3o Jos\u00e9 dos Campos o seu principal evento esportivo de in\u00edcio de ano, deixando um <strong>vazio no calend\u00e1rio<\/strong> e um gosto amargo na boca do torcedor.<\/p>\n\n\n\n<h3 class=\"wp-block-heading\">As Justificativas Oficiais na Ponta do L\u00e1pis<\/h3>\n\n\n\n<p>Na coletiva, o CEO do clube, Bruno Cazarine, listou tr\u00eas motivos para a aus\u00eancia. A an\u00e1lise fria de cada um deles levanta mais perguntas do que respostas.<\/p>\n\n\n\n<p><\/p>\n\n\n\n<ul class=\"wp-block-list\">\n<li><strong>A Base &#8220;Imatura&#8221;:<\/strong> A primeira desculpa \u00e9 que o projeto da base \u00e9 recente e o time sub-20 estaria <em>&#8220;imaturo&#8221;<\/em> para a competi\u00e7\u00e3o. Al\u00e9m disso, o tempo para montar o elenco teria ficado &#8220;em cima da hora&#8221;. N\u00e3o cola.<\/li>\n\n\n\n<li><strong>O &#8220;Alinhamento&#8221; com a Prefeitura:<\/strong> O clube afirmou que precisa da valida\u00e7\u00e3o da <strong>Prefeitura de S\u00e3o Jos\u00e9 dos Campos<\/strong> para sediar o evento e que, ap\u00f3s conversas, <em>&#8220;n\u00e3o tivemos uma certeza ainda&#8221;<\/em> sobre a parceria. Depende do tipo de parceria, n\u00e9?<\/li>\n\n\n\n<li><strong>O Medo de Estragar o Gramado:<\/strong> Por fim, a preocupa\u00e7\u00e3o em preservar o gramado do <strong>Martins Pereira<\/strong> para o Paulist\u00e3o A2, j\u00e1 que a Copinha acontece em um per\u00edodo chuvoso. Essa \u00e9 a pior das desculpas, eu teria deixado isso de lado&#8230;<\/li>\n<\/ul>\n\n\n\n<p><\/p>\n\n\n\n<h3 class=\"wp-block-heading\">Desmontando um Castelo de Cartas<\/h3>\n\n\n\n<p>Vamos direto ao ponto: os argumentos n\u00e3o se sustentam. Falar em time &#8220;imaturo&#8221; para um torneio de base \u00e9 um contrassenso. <\/p>\n\n\n\n<p>O S\u00e3o Jos\u00e9 pode ter \u00edmpeto de campe\u00e3o, mas isso nunca seria impeditivo de proporcionar aos meninos da base uma experi\u00eancia como esta. Principalmente se voc\u00ea quer lucrar com a sua base e dar experi\u00eancia aos jogadores que voc\u00ea est\u00e1 formando\u2026<\/p>\n\n\n\n<p>A Copinha \u00e9 justamente a grande vitrine para desenvolver e testar esses jovens, mas nunca ser\u00e1 lucrativa. <\/p>\n\n\n\n<p>Ser\u00e1 que faltou planejamento para montar um elenco minimamente competitivo para o torneio de base mais importante do pa\u00eds ou a diretoria n\u00e3o quer investir mesmo?<\/p>\n\n\n\n<p>O ponto mais sens\u00edvel, no entanto, toca diretamente na <strong>quest\u00e3o pol\u00edtica<\/strong>. Jogar a responsabilidade em uma suposta incerteza da Prefeitura \u00e9 um algo que tamb\u00e9m n\u00e3o cola. <\/p>\n\n\n\n<p>Ser\u00e1 que o clube queria que a prefeitura arcasse com tudo? N\u00e3o tenho esta certeza, mas posso afirmar: a prefeitura sempre vai bancar os custos de infra estrutura que s\u00e3o da cidade: tr\u00e2nsito, mobilidade e seguran\u00e7a.<\/p>\n\n\n\n<p>Isso exp\u00f5e uma <strong>falta de articula\u00e7\u00e3o pol\u00edtica<\/strong> da pr\u00f3pria diretoria do clube, incapaz de garantir uma parceria m\u00ednima, nunca um descaso do poder p\u00fablico com o principal time da cidade.<\/p>\n\n\n\n<p><strong>Neste cen\u00e1rio, quem perde \u00e9 S\u00e3o Jos\u00e9 dos Campos<\/strong>.<\/p>\n\n\n\n<p>Por \u00faltimo, a desculpa do gramado. <strong>\u00c9 o argumento mais fr\u00e1gil de todos.<\/strong><\/p>\n\n\n\n<p>Dezenas de cidades sediam a Copinha, lidam com as chuvas de ver\u00e3o e entregam seus est\u00e1dios em condi\u00e7\u00f5es para os campeonatos profissionais que come\u00e7am logo em seguida. <\/p>\n\n\n\n<p>Culpar a grama parece mais uma forma de desviar o foco do que um problema real.<\/p>\n\n\n\n<h3 class=\"wp-block-heading\">Um Janeiro sem Futebol e Cheio de D\u00favidas<\/h3>\n\n\n\n<p>\u00c9 torcedor, a realidade \u00e9 dura! Em janeiro de 2026, enquanto o Brasil inteiro estiver de olho na nova gera\u00e7\u00e3o de craques, S\u00e3o Jos\u00e9 dos Campos estar\u00e1 em sil\u00eancio.<\/p>\n\n\n\n<p>A decis\u00e3o da diretoria tira da cidade n\u00e3o apenas os jogos, mas a alegria de torcedores, imprensa e olheiros que tem neste campeonato, a primeira alegria do futebol no ano.<\/p>\n\n\n\n<p>Fica a pergunta que n\u00e3o quer calar: qual o verdadeiro motivo para o S\u00e3o Jos\u00e9 abrir m\u00e3o de uma oportunidade t\u00e3o grande? <\/p>\n\n\n\n<p>As desculpas apresentadas s\u00e3o apenas a ponta do iceberg de problemas maiores de gest\u00e3o ou de relacionamento pol\u00edtico?<\/p>\n\n\n\n<p><strong>E voc\u00ea, torcedor joseense, engoliu essas desculpas? Deixe sua opini\u00e3o nos coment\u00e1rios.<\/strong><\/p>\n","protected":false},"excerpt":{"rendered":"<p>A hist\u00f3ria por tr\u00e1s da aus\u00eancia na Copinha &#x1f50e;<\/p>\n","protected":false},"author":1,"featured_media":3522,"comment_status":"closed","ping_status":"open","sticky":false,"template":"","format":"standard","meta":{"nf_dc_page":"","om_disable_all_campaigns":false,"jetpack_post_was_ever_published":false,"_jetpack_newsletter_access":"","_jetpack_dont_email_post_to_subs":false,"_jetpack_newsletter_tier_id":0,"_jetpack_memberships_contains_paywalled_content":false,"_jetpack_memberships_contains_paid_content":false,"footnotes":"","jetpack_publicize_message":"","jetpack_publicize_feature_enabled":true,"jetpack_social_post_already_shared":true,"jetpack_social_options":{"image_generator_settings":{"template":"highway","default_image_id":0,"font":"","enabled":false},"version":2}},"categories":[1],"tags":[],"class_list":["post-3521","post","type-post","status-publish","format-standard","has-post-thumbnail","hentry","category-sem-categoria"],"wppr_data":{"cwp_meta_box_check":"No"},"jetpack_publicize_connections":[],"jetpack_featured_media_url":"https:\/\/i0.wp.com\/blogdomello.com.br\/blog\/wp-content\/uploads\/2025\/09\/IMG_4921-2048x1365-1.webp?fit=2048%2C1365","jetpack_sharing_enabled":true,"jetpack_shortlink":"https:\/\/wp.me\/p6LMUA-UN","jetpack-related-posts":[{"id":3504,"url":"http:\/\/blogdomello.com.br\/blog\/agora-desvira-torcida-do-sao-jose-na-expectativa-por-um-2025-com-acesso\/","url_meta":{"origin":3521,"position":0},"title":"Agora vai? S\u00e3o Jos\u00e9 EC na expectativa por um 2025 com acesso","author":"danmello","date":"01\/11\/2024 - 18:52","format":false,"excerpt":"\u00c1guia do Vale inicia a temporada na pr\u00f3xima segunda-feira (4), com boas expectativas para a temporada.","rel":"","context":"Em &quot;S\u00e3o Jos\u00e9 EC&quot;","block_context":{"text":"S\u00e3o Jos\u00e9 EC","link":"http:\/\/blogdomello.com.br\/blog\/category\/sao-jose-ec\/"},"img":{"alt_text":"","src":"https:\/\/i0.wp.com\/blogdomello.com.br\/blog\/wp-content\/uploads\/2024\/11\/image.png?fit=1200%2C797&resize=350%2C200","width":350,"height":200,"srcset":"https:\/\/i0.wp.com\/blogdomello.com.br\/blog\/wp-content\/uploads\/2024\/11\/image.png?fit=1200%2C797&resize=350%2C200 1x, https:\/\/i0.wp.com\/blogdomello.com.br\/blog\/wp-content\/uploads\/2024\/11\/image.png?fit=1200%2C797&resize=525%2C300 1.5x, https:\/\/i0.wp.com\/blogdomello.com.br\/blog\/wp-content\/uploads\/2024\/11\/image.png?fit=1200%2C797&resize=700%2C400 2x, https:\/\/i0.wp.com\/blogdomello.com.br\/blog\/wp-content\/uploads\/2024\/11\/image.png?fit=1200%2C797&resize=1050%2C600 3x"},"classes":[]},{"id":3426,"url":"http:\/\/blogdomello.com.br\/blog\/perguntar-nao-ofende-prefeito-de-jacarei-e-a-dilma-que-cury-previa\/","url_meta":{"origin":3521,"position":1},"title":"Perguntar, n\u00e3o ofende: Iza\u00edas \u00e9 a \u201cDilma\u201d que Cury previa?","author":"danmello","date":"29\/10\/2024 - 22:37","format":false,"excerpt":"Cury e Emanuel previram a crise em S\u00e3o Jos\u00e9, mas erraram: o verdadeiro drama financeiro explode em Jacare\u00ed, onde Iza\u00edas Santana n\u00e3o deve ter seguido a cartilha da boa gest\u00e3o.","rel":"","context":"Em &quot;Jacare\u00ed&quot;","block_context":{"text":"Jacare\u00ed","link":"http:\/\/blogdomello.com.br\/blog\/category\/jacarei\/"},"img":{"alt_text":"","src":"https:\/\/i0.wp.com\/blogdomello.com.br\/blog\/wp-content\/uploads\/2024\/10\/DILMA-DE-JACAREI.png?fit=1080%2C1080&resize=350%2C200","width":350,"height":200,"srcset":"https:\/\/i0.wp.com\/blogdomello.com.br\/blog\/wp-content\/uploads\/2024\/10\/DILMA-DE-JACAREI.png?fit=1080%2C1080&resize=350%2C200 1x, https:\/\/i0.wp.com\/blogdomello.com.br\/blog\/wp-content\/uploads\/2024\/10\/DILMA-DE-JACAREI.png?fit=1080%2C1080&resize=525%2C300 1.5x, https:\/\/i0.wp.com\/blogdomello.com.br\/blog\/wp-content\/uploads\/2024\/10\/DILMA-DE-JACAREI.png?fit=1080%2C1080&resize=700%2C400 2x, https:\/\/i0.wp.com\/blogdomello.com.br\/blog\/wp-content\/uploads\/2024\/10\/DILMA-DE-JACAREI.png?fit=1080%2C1080&resize=1050%2C600 3x"},"classes":[]},{"id":3416,"url":"http:\/\/blogdomello.com.br\/blog\/kassab-e-lider-e-leal-ao-tarcisio-nao-atua-como-dono-de-partido-diz-anderson-ao-estadao\/","url_meta":{"origin":3521,"position":2},"title":"&#8220;Kassab \u00e9 l\u00edder e leal ao Tarc\u00edsio, n\u00e3o atua como dono de partido&#8221;, diz Anderson ao Estad\u00e3o","author":"danmello","date":"29\/10\/2024 - 07:24","format":false,"excerpt":"O prefeito reeleito Anderson Farias destacou a import\u00e2ncia do PSD e desacartou rivalidade com o PL em n\u00edvel estadual.","rel":"","context":"Em &quot;Elei\u00e7\u00f5es 2024&quot;","block_context":{"text":"Elei\u00e7\u00f5es 2024","link":"http:\/\/blogdomello.com.br\/blog\/category\/eleicoes-2024\/"},"img":{"alt_text":"","src":"https:\/\/i0.wp.com\/blogdomello.com.br\/blog\/wp-content\/uploads\/2024\/10\/Captura-de-tela-2024-10-29-071912.png?fit=881%2C478&resize=350%2C200","width":350,"height":200,"srcset":"https:\/\/i0.wp.com\/blogdomello.com.br\/blog\/wp-content\/uploads\/2024\/10\/Captura-de-tela-2024-10-29-071912.png?fit=881%2C478&resize=350%2C200 1x, https:\/\/i0.wp.com\/blogdomello.com.br\/blog\/wp-content\/uploads\/2024\/10\/Captura-de-tela-2024-10-29-071912.png?fit=881%2C478&resize=525%2C300 1.5x, https:\/\/i0.wp.com\/blogdomello.com.br\/blog\/wp-content\/uploads\/2024\/10\/Captura-de-tela-2024-10-29-071912.png?fit=881%2C478&resize=700%2C400 2x"},"classes":[]},{"id":3459,"url":"http:\/\/blogdomello.com.br\/blog\/aguia-marca-golaco-contra-o-cancer-de-mama\/","url_meta":{"origin":3521,"position":3},"title":"\u00c1guia marca gola\u00e7o contra o c\u00e2ncer de mama","author":"danmello","date":"30\/10\/2024 - 07:18","format":false,"excerpt":"No dia 25, o S\u00e3o Jos\u00e9 EC recebeu o projeto \u2018Marque Esse Gol\u2019, beneficiando 60 mulheres com mamografias gratuitas, refor\u00e7ando a luta contra o c\u00e2ncer de mama.","rel":"","context":"Em &quot;Sem categoria&quot;","block_context":{"text":"Sem categoria","link":"http:\/\/blogdomello.com.br\/blog\/category\/sem-categoria\/"},"img":{"alt_text":"","src":"https:\/\/i0.wp.com\/blogdomello.com.br\/blog\/wp-content\/uploads\/2024\/10\/image-5.png?fit=1200%2C797&resize=350%2C200","width":350,"height":200,"srcset":"https:\/\/i0.wp.com\/blogdomello.com.br\/blog\/wp-content\/uploads\/2024\/10\/image-5.png?fit=1200%2C797&resize=350%2C200 1x, https:\/\/i0.wp.com\/blogdomello.com.br\/blog\/wp-content\/uploads\/2024\/10\/image-5.png?fit=1200%2C797&resize=525%2C300 1.5x, https:\/\/i0.wp.com\/blogdomello.com.br\/blog\/wp-content\/uploads\/2024\/10\/image-5.png?fit=1200%2C797&resize=700%2C400 2x, https:\/\/i0.wp.com\/blogdomello.com.br\/blog\/wp-content\/uploads\/2024\/10\/image-5.png?fit=1200%2C797&resize=1050%2C600 3x"},"classes":[]},{"id":3495,"url":"http:\/\/blogdomello.com.br\/blog\/garotada-do-pinheirinho-tem-um-dia-com-a-aguia\/","url_meta":{"origin":3521,"position":4},"title":"Garotada do Pinheirinho tem um dia com a \u00c1guia","author":"danmello","date":"31\/10\/2024 - 12:30","format":false,"excerpt":"O S\u00e3o Jos\u00e9 EC recebeu 30 crian\u00e7as do projeto social Palmares FC, proporcionando um dia inesquec\u00edvel com apoio do Sicredi.","rel":"","context":"Em &quot;Esporte&quot;","block_context":{"text":"Esporte","link":"http:\/\/blogdomello.com.br\/blog\/category\/esporte\/"},"img":{"alt_text":"","src":"https:\/\/i0.wp.com\/blogdomello.com.br\/blog\/wp-content\/uploads\/2024\/10\/image-11.png?fit=1200%2C797&resize=350%2C200","width":350,"height":200,"srcset":"https:\/\/i0.wp.com\/blogdomello.com.br\/blog\/wp-content\/uploads\/2024\/10\/image-11.png?fit=1200%2C797&resize=350%2C200 1x, https:\/\/i0.wp.com\/blogdomello.com.br\/blog\/wp-content\/uploads\/2024\/10\/image-11.png?fit=1200%2C797&resize=525%2C300 1.5x, https:\/\/i0.wp.com\/blogdomello.com.br\/blog\/wp-content\/uploads\/2024\/10\/image-11.png?fit=1200%2C797&resize=700%2C400 2x, https:\/\/i0.wp.com\/blogdomello.com.br\/blog\/wp-content\/uploads\/2024\/10\/image-11.png?fit=1200%2C797&resize=1050%2C600 3x"},"classes":[]},{"id":3535,"url":"http:\/\/blogdomello.com.br\/blog\/dulce-desiste-de-brasilia\/","url_meta":{"origin":3521,"position":5},"title":"Dulce desiste de Bras\u00edlia","author":"danmello","date":"31\/03\/2026 - 07:27","format":false,"excerpt":"Past\u00e9is, feira e pol\u00edtica: j\u00e1 come\u00e7ou a campanha eleitoral em S\u00e3o Jos\u00e9","rel":"","context":"Em &quot;Elei\u00e7\u00f5es 2026&quot;","block_context":{"text":"Elei\u00e7\u00f5es 2026","link":"http:\/\/blogdomello.com.br\/blog\/category\/eleicoes-2026\/"},"img":{"alt_text":"","src":"https:\/\/i0.wp.com\/blogdomello.com.br\/blog\/wp-content\/uploads\/2026\/03\/image-edited-1.png?fit=886%2C498&resize=350%2C200","width":350,"height":200,"srcset":"https:\/\/i0.wp.com\/blogdomello.com.br\/blog\/wp-content\/uploads\/2026\/03\/image-edited-1.png?fit=886%2C498&resize=350%2C200 1x, https:\/\/i0.wp.com\/blogdomello.com.br\/blog\/wp-content\/uploads\/2026\/03\/image-edited-1.png?fit=886%2C498&resize=525%2C300 1.5x, https:\/\/i0.wp.com\/blogdomello.com.br\/blog\/wp-content\/uploads\/2026\/03\/image-edited-1.png?fit=886%2C498&resize=700%2C400 2x"},"classes":[]}],"jetpack_likes_enabled":false,"_links":{"self":[{"href":"http:\/\/blogdomello.com.br\/blog\/wp-json\/wp\/v2\/posts\/3521","targetHints":{"allow":["GET"]}}],"collection":[{"href":"http:\/\/blogdomello.com.br\/blog\/wp-json\/wp\/v2\/posts"}],"about":[{"href":"http:\/\/blogdomello.com.br\/blog\/wp-json\/wp\/v2\/types\/post"}],"author":[{"embeddable":true,"href":"http:\/\/blogdomello.com.br\/blog\/wp-json\/wp\/v2\/users\/1"}],"replies":[{"embeddable":true,"href":"http:\/\/blogdomello.com.br\/blog\/wp-json\/wp\/v2\/comments?post=3521"}],"version-history":[{"count":5,"href":"http:\/\/blogdomello.com.br\/blog\/wp-json\/wp\/v2\/posts\/3521\/revisions"}],"predecessor-version":[{"id":3532,"href":"http:\/\/blogdomello.com.br\/blog\/wp-json\/wp\/v2\/posts\/3521\/revisions\/3532"}],"wp:featuredmedia":[{"embeddable":true,"href":"http:\/\/blogdomello.com.br\/blog\/wp-json\/wp\/v2\/media\/3522"}],"wp:attachment":[{"href":"http:\/\/blogdomello.com.br\/blog\/wp-json\/wp\/v2\/media?parent=3521"}],"wp:term":[{"taxonomy":"category","embeddable":true,"href":"http:\/\/blogdomello.com.br\/blog\/wp-json\/wp\/v2\/categories?post=3521"},{"taxonomy":"post_tag","embeddable":true,"href":"http:\/\/blogdomello.com.br\/blog\/wp-json\/wp\/v2\/tags?post=3521"}],"curies":[{"name":"wp","href":"https:\/\/api.w.org\/{rel}","templated":true}]}}