{"id":3504,"date":"2024-11-01T18:52:00","date_gmt":"2024-11-01T21:52:00","guid":{"rendered":"https:\/\/blogdomello.com.br\/blog\/?p=3504"},"modified":"2024-11-01T16:10:50","modified_gmt":"2024-11-01T19:10:50","slug":"agora-desvira-torcida-do-sao-jose-na-expectativa-por-um-2025-com-acesso","status":"publish","type":"post","link":"http:\/\/blogdomello.com.br\/blog\/agora-desvira-torcida-do-sao-jose-na-expectativa-por-um-2025-com-acesso\/","title":{"rendered":"Agora vai? S\u00e3o Jos\u00e9 EC na expectativa por um 2025 com acesso"},"content":{"rendered":"\n<p class=\"\"><strong><em>\u00c1guia do Vale inicia a temporada na pr\u00f3xima segunda-feira (4), com boas expectativas para a temporada<\/em><\/strong>.<\/p>\n\n\n\n<figure class=\"wp-block-image size-large\"><img data-recalc-dims=\"1\" loading=\"lazy\" decoding=\"async\" width=\"1024\" height=\"680\" data-attachment-id=\"3505\" data-permalink=\"http:\/\/blogdomello.com.br\/blog\/agora-desvira-torcida-do-sao-jose-na-expectativa-por-um-2025-com-acesso\/image-25\/\" data-orig-file=\"https:\/\/i0.wp.com\/blogdomello.com.br\/blog\/wp-content\/uploads\/2024\/11\/image.png?fit=1600%2C1063\" data-orig-size=\"1600,1063\" data-comments-opened=\"0\" data-image-meta=\"{&quot;aperture&quot;:&quot;0&quot;,&quot;credit&quot;:&quot;&quot;,&quot;camera&quot;:&quot;&quot;,&quot;caption&quot;:&quot;&quot;,&quot;created_timestamp&quot;:&quot;0&quot;,&quot;copyright&quot;:&quot;&quot;,&quot;focal_length&quot;:&quot;0&quot;,&quot;iso&quot;:&quot;0&quot;,&quot;shutter_speed&quot;:&quot;0&quot;,&quot;title&quot;:&quot;&quot;,&quot;orientation&quot;:&quot;0&quot;}\" data-image-title=\"image\" data-image-description=\"\" data-image-caption=\"\" data-large-file=\"https:\/\/i0.wp.com\/blogdomello.com.br\/blog\/wp-content\/uploads\/2024\/11\/image.png?fit=1024%2C680\" src=\"https:\/\/i0.wp.com\/blogdomello.com.br\/blog\/wp-content\/uploads\/2024\/11\/image-1024x680.png?resize=1024%2C680&#038;ssl=1\" alt=\"\" class=\"wp-image-3505\" srcset=\"https:\/\/i0.wp.com\/blogdomello.com.br\/blog\/wp-content\/uploads\/2024\/11\/image.png?resize=1024%2C680 1024w, https:\/\/i0.wp.com\/blogdomello.com.br\/blog\/wp-content\/uploads\/2024\/11\/image.png?resize=300%2C199 300w, https:\/\/i0.wp.com\/blogdomello.com.br\/blog\/wp-content\/uploads\/2024\/11\/image.png?resize=768%2C510 768w, https:\/\/i0.wp.com\/blogdomello.com.br\/blog\/wp-content\/uploads\/2024\/11\/image.png?resize=1536%2C1020 1536w, https:\/\/i0.wp.com\/blogdomello.com.br\/blog\/wp-content\/uploads\/2024\/11\/image.png?resize=50%2C33 50w, https:\/\/i0.wp.com\/blogdomello.com.br\/blog\/wp-content\/uploads\/2024\/11\/image.png?w=1600 1600w\" sizes=\"auto, (max-width: 1000px) 100vw, 1000px\" \/><figcaption class=\"wp-element-caption\">Celso Gomes \/ SJEC (2024)<\/figcaption><\/figure>\n\n\n\n<p class=\"\">A <strong>pr\u00e9-temporada para a S\u00e9rie A2<\/strong> est\u00e1 oficialmente iniciada, e a ansiedade do torcedor, s\u00f3 aumenta. Sob a gest\u00e3o de <strong>Oscar Constantino<\/strong>, no terceiro ano da <em>SAF<\/em>, a equipe come\u00e7a a se preparar para o Campeonato Paulista da s\u00e9rie A2 com <em>um sonho s\u00f3<\/em>: o acesso para a <strong>S\u00e9rie A1<\/strong> em 2025!<\/p>\n\n\n\n<p class=\"\">Na segunda-feira, dia 4,  iniciam-se os trabalhos com os jogadores, com avalia\u00e7\u00f5es m\u00e9dicas e f\u00edsicas pra deixar todo mundo no ponto. Quatro jogadores j\u00e1 conhecidos, <em>Jeferson Lima<\/em>, <em>Ariel<\/em>, <em>Rone<\/em> e <em>Jo\u00e3o Gabriel<\/em>, ir\u00e3o integrar o grupo desde o inicio e passar pelos exames.<\/p>\n\n\n\n<p class=\"\">A partir do dia 6, o S\u00e3o Jos\u00e9 promete anunciar oficialmente os <strong>novos refor\u00e7os<\/strong>. O mercado segue ativo, e a comiss\u00e3o t\u00e9cnica est\u00e1 de olho em cada detalhe para montar um elenco que finalmente consiga essa vaga na S\u00e9rie A1.<\/p>\n","protected":false},"excerpt":{"rendered":"<p>\u00c1guia do Vale inicia a temporada na pr\u00f3xima segunda-feira (4), com boas expectativas para a temporada.<\/p>\n","protected":false},"author":1,"featured_media":3505,"comment_status":"closed","ping_status":"open","sticky":false,"template":"","format":"standard","meta":{"nf_dc_page":"","om_disable_all_campaigns":false,"jetpack_post_was_ever_published":false,"_jetpack_newsletter_access":"","_jetpack_dont_email_post_to_subs":false,"_jetpack_newsletter_tier_id":0,"_jetpack_memberships_contains_paywalled_content":false,"_jetpack_memberships_contains_paid_content":false,"footnotes":"","jetpack_publicize_message":"","jetpack_publicize_feature_enabled":true,"jetpack_social_post_already_shared":true,"jetpack_social_options":{"image_generator_settings":{"template":"highway","default_image_id":0,"font":"","enabled":false},"version":2}},"categories":[387],"tags":[391,52,393,390,388,392,76,394],"class_list":["post-3504","post","type-post","status-publish","format-standard","has-post-thumbnail","hentry","category-sao-jose-ec","tag-391","tag-campeonato-paulista","tag-elenco","tag-oscar-constantino","tag-pre-temporada","tag-saf","tag-sao-jose-ec","tag-serie-a2"],"wppr_data":{"cwp_meta_box_check":"No"},"jetpack_publicize_connections":[],"jetpack_featured_media_url":"https:\/\/i0.wp.com\/blogdomello.com.br\/blog\/wp-content\/uploads\/2024\/11\/image.png?fit=1600%2C1063","jetpack_sharing_enabled":true,"jetpack_shortlink":"https:\/\/wp.me\/p6LMUA-Uw","jetpack-related-posts":[{"id":3521,"url":"http:\/\/blogdomello.com.br\/blog\/gramado-prefeitura-e-time-imaturo-as-desculpas-do-sao-jose-para-abandonar-a-copinha\/","url_meta":{"origin":3504,"position":0},"title":"Gramado, Prefeitura e &#8216;Time Imaturo&#8217;: As desculpas do S\u00e3o Jos\u00e9 para abandonar a Copinha","author":"danmello","date":"22\/09\/2025 - 23:47","format":false,"excerpt":"A hist\u00f3ria por tr\u00e1s da aus\u00eancia na Copinha \ud83d\udd0e","rel":"","context":"Em &quot;Sem categoria&quot;","block_context":{"text":"Sem categoria","link":"http:\/\/blogdomello.com.br\/blog\/category\/sem-categoria\/"},"img":{"alt_text":"","src":"https:\/\/i0.wp.com\/blogdomello.com.br\/blog\/wp-content\/uploads\/2025\/09\/IMG_4921-2048x1365-1.webp?fit=1200%2C800&resize=350%2C200","width":350,"height":200,"srcset":"https:\/\/i0.wp.com\/blogdomello.com.br\/blog\/wp-content\/uploads\/2025\/09\/IMG_4921-2048x1365-1.webp?fit=1200%2C800&resize=350%2C200 1x, https:\/\/i0.wp.com\/blogdomello.com.br\/blog\/wp-content\/uploads\/2025\/09\/IMG_4921-2048x1365-1.webp?fit=1200%2C800&resize=525%2C300 1.5x, https:\/\/i0.wp.com\/blogdomello.com.br\/blog\/wp-content\/uploads\/2025\/09\/IMG_4921-2048x1365-1.webp?fit=1200%2C800&resize=700%2C400 2x, https:\/\/i0.wp.com\/blogdomello.com.br\/blog\/wp-content\/uploads\/2025\/09\/IMG_4921-2048x1365-1.webp?fit=1200%2C800&resize=1050%2C600 3x"},"classes":[]},{"id":3459,"url":"http:\/\/blogdomello.com.br\/blog\/aguia-marca-golaco-contra-o-cancer-de-mama\/","url_meta":{"origin":3504,"position":1},"title":"\u00c1guia marca gola\u00e7o contra o c\u00e2ncer de mama","author":"danmello","date":"30\/10\/2024 - 07:18","format":false,"excerpt":"No dia 25, o S\u00e3o Jos\u00e9 EC recebeu o projeto \u2018Marque Esse Gol\u2019, beneficiando 60 mulheres com mamografias gratuitas, refor\u00e7ando a luta contra o c\u00e2ncer de mama.","rel":"","context":"Em &quot;Sem categoria&quot;","block_context":{"text":"Sem categoria","link":"http:\/\/blogdomello.com.br\/blog\/category\/sem-categoria\/"},"img":{"alt_text":"","src":"https:\/\/i0.wp.com\/blogdomello.com.br\/blog\/wp-content\/uploads\/2024\/10\/image-5.png?fit=1200%2C797&resize=350%2C200","width":350,"height":200,"srcset":"https:\/\/i0.wp.com\/blogdomello.com.br\/blog\/wp-content\/uploads\/2024\/10\/image-5.png?fit=1200%2C797&resize=350%2C200 1x, https:\/\/i0.wp.com\/blogdomello.com.br\/blog\/wp-content\/uploads\/2024\/10\/image-5.png?fit=1200%2C797&resize=525%2C300 1.5x, https:\/\/i0.wp.com\/blogdomello.com.br\/blog\/wp-content\/uploads\/2024\/10\/image-5.png?fit=1200%2C797&resize=700%2C400 2x, https:\/\/i0.wp.com\/blogdomello.com.br\/blog\/wp-content\/uploads\/2024\/10\/image-5.png?fit=1200%2C797&resize=1050%2C600 3x"},"classes":[]},{"id":3495,"url":"http:\/\/blogdomello.com.br\/blog\/garotada-do-pinheirinho-tem-um-dia-com-a-aguia\/","url_meta":{"origin":3504,"position":2},"title":"Garotada do Pinheirinho tem um dia com a \u00c1guia","author":"danmello","date":"31\/10\/2024 - 12:30","format":false,"excerpt":"O S\u00e3o Jos\u00e9 EC recebeu 30 crian\u00e7as do projeto social Palmares FC, proporcionando um dia inesquec\u00edvel com apoio do Sicredi.","rel":"","context":"Em &quot;Esporte&quot;","block_context":{"text":"Esporte","link":"http:\/\/blogdomello.com.br\/blog\/category\/esporte\/"},"img":{"alt_text":"","src":"https:\/\/i0.wp.com\/blogdomello.com.br\/blog\/wp-content\/uploads\/2024\/10\/image-11.png?fit=1200%2C797&resize=350%2C200","width":350,"height":200,"srcset":"https:\/\/i0.wp.com\/blogdomello.com.br\/blog\/wp-content\/uploads\/2024\/10\/image-11.png?fit=1200%2C797&resize=350%2C200 1x, https:\/\/i0.wp.com\/blogdomello.com.br\/blog\/wp-content\/uploads\/2024\/10\/image-11.png?fit=1200%2C797&resize=525%2C300 1.5x, https:\/\/i0.wp.com\/blogdomello.com.br\/blog\/wp-content\/uploads\/2024\/10\/image-11.png?fit=1200%2C797&resize=700%2C400 2x, https:\/\/i0.wp.com\/blogdomello.com.br\/blog\/wp-content\/uploads\/2024\/10\/image-11.png?fit=1200%2C797&resize=1050%2C600 3x"},"classes":[]},{"id":3416,"url":"http:\/\/blogdomello.com.br\/blog\/kassab-e-lider-e-leal-ao-tarcisio-nao-atua-como-dono-de-partido-diz-anderson-ao-estadao\/","url_meta":{"origin":3504,"position":3},"title":"&#8220;Kassab \u00e9 l\u00edder e leal ao Tarc\u00edsio, n\u00e3o atua como dono de partido&#8221;, diz Anderson ao Estad\u00e3o","author":"danmello","date":"29\/10\/2024 - 07:24","format":false,"excerpt":"O prefeito reeleito Anderson Farias destacou a import\u00e2ncia do PSD e desacartou rivalidade com o PL em n\u00edvel estadual.","rel":"","context":"Em &quot;Elei\u00e7\u00f5es 2024&quot;","block_context":{"text":"Elei\u00e7\u00f5es 2024","link":"http:\/\/blogdomello.com.br\/blog\/category\/eleicoes-2024\/"},"img":{"alt_text":"","src":"https:\/\/i0.wp.com\/blogdomello.com.br\/blog\/wp-content\/uploads\/2024\/10\/Captura-de-tela-2024-10-29-071912.png?fit=881%2C478&resize=350%2C200","width":350,"height":200,"srcset":"https:\/\/i0.wp.com\/blogdomello.com.br\/blog\/wp-content\/uploads\/2024\/10\/Captura-de-tela-2024-10-29-071912.png?fit=881%2C478&resize=350%2C200 1x, https:\/\/i0.wp.com\/blogdomello.com.br\/blog\/wp-content\/uploads\/2024\/10\/Captura-de-tela-2024-10-29-071912.png?fit=881%2C478&resize=525%2C300 1.5x, https:\/\/i0.wp.com\/blogdomello.com.br\/blog\/wp-content\/uploads\/2024\/10\/Captura-de-tela-2024-10-29-071912.png?fit=881%2C478&resize=700%2C400 2x"},"classes":[]},{"id":3545,"url":"http:\/\/blogdomello.com.br\/blog\/felicio-com-renata-ao-mdb\/","url_meta":{"origin":3504,"position":4},"title":"Felicio com Renata no MDB","author":"danmello","date":"31\/03\/2026 - 07:45","format":false,"excerpt":"Renata Paiva anunciou na noite desta segunda-feira (30) sua sa\u00edda do PSD e filia\u00e7\u00e3o ao MDB. O an\u00fancio foi feito ao lado do presidente nacional do partido, Baleia Rossi, e marca uma virada na trajet\u00f3ria pol\u00edtica da pr\u00e9-candidata a deputada federal por S\u00e3o Jos\u00e9 dos Campos. Felicio puxa a fila\u2026","rel":"","context":"Em &quot;Elei\u00e7\u00f5es 2026&quot;","block_context":{"text":"Elei\u00e7\u00f5es 2026","link":"http:\/\/blogdomello.com.br\/blog\/category\/eleicoes-2026\/"},"img":{"alt_text":"","src":"https:\/\/i0.wp.com\/blogdomello.com.br\/blog\/wp-content\/uploads\/2026\/03\/Captura-de-Tela-2026-03-31-as-07.40.47-edited.png?resize=350%2C200&ssl=1","width":350,"height":200},"classes":[]},{"id":3535,"url":"http:\/\/blogdomello.com.br\/blog\/dulce-desiste-de-brasilia\/","url_meta":{"origin":3504,"position":5},"title":"Dulce desiste de Bras\u00edlia","author":"danmello","date":"31\/03\/2026 - 07:27","format":false,"excerpt":"Past\u00e9is, feira e pol\u00edtica: j\u00e1 come\u00e7ou a campanha eleitoral em S\u00e3o Jos\u00e9","rel":"","context":"Em &quot;Elei\u00e7\u00f5es 2026&quot;","block_context":{"text":"Elei\u00e7\u00f5es 2026","link":"http:\/\/blogdomello.com.br\/blog\/category\/eleicoes-2026\/"},"img":{"alt_text":"","src":"https:\/\/i0.wp.com\/blogdomello.com.br\/blog\/wp-content\/uploads\/2026\/03\/image-edited-1.png?fit=886%2C498&resize=350%2C200","width":350,"height":200,"srcset":"https:\/\/i0.wp.com\/blogdomello.com.br\/blog\/wp-content\/uploads\/2026\/03\/image-edited-1.png?fit=886%2C498&resize=350%2C200 1x, https:\/\/i0.wp.com\/blogdomello.com.br\/blog\/wp-content\/uploads\/2026\/03\/image-edited-1.png?fit=886%2C498&resize=525%2C300 1.5x, https:\/\/i0.wp.com\/blogdomello.com.br\/blog\/wp-content\/uploads\/2026\/03\/image-edited-1.png?fit=886%2C498&resize=700%2C400 2x"},"classes":[]}],"jetpack_likes_enabled":false,"_links":{"self":[{"href":"http:\/\/blogdomello.com.br\/blog\/wp-json\/wp\/v2\/posts\/3504","targetHints":{"allow":["GET"]}}],"collection":[{"href":"http:\/\/blogdomello.com.br\/blog\/wp-json\/wp\/v2\/posts"}],"about":[{"href":"http:\/\/blogdomello.com.br\/blog\/wp-json\/wp\/v2\/types\/post"}],"author":[{"embeddable":true,"href":"http:\/\/blogdomello.com.br\/blog\/wp-json\/wp\/v2\/users\/1"}],"replies":[{"embeddable":true,"href":"http:\/\/blogdomello.com.br\/blog\/wp-json\/wp\/v2\/comments?post=3504"}],"version-history":[{"count":2,"href":"http:\/\/blogdomello.com.br\/blog\/wp-json\/wp\/v2\/posts\/3504\/revisions"}],"predecessor-version":[{"id":3507,"href":"http:\/\/blogdomello.com.br\/blog\/wp-json\/wp\/v2\/posts\/3504\/revisions\/3507"}],"wp:featuredmedia":[{"embeddable":true,"href":"http:\/\/blogdomello.com.br\/blog\/wp-json\/wp\/v2\/media\/3505"}],"wp:attachment":[{"href":"http:\/\/blogdomello.com.br\/blog\/wp-json\/wp\/v2\/media?parent=3504"}],"wp:term":[{"taxonomy":"category","embeddable":true,"href":"http:\/\/blogdomello.com.br\/blog\/wp-json\/wp\/v2\/categories?post=3504"},{"taxonomy":"post_tag","embeddable":true,"href":"http:\/\/blogdomello.com.br\/blog\/wp-json\/wp\/v2\/tags?post=3504"}],"curies":[{"name":"wp","href":"https:\/\/api.w.org\/{rel}","templated":true}]}}