{"id":3495,"date":"2024-10-31T12:30:00","date_gmt":"2024-10-31T15:30:00","guid":{"rendered":"https:\/\/blogdomello.com.br\/blog\/?p=3495"},"modified":"2024-10-31T09:37:23","modified_gmt":"2024-10-31T12:37:23","slug":"garotada-do-pinheirinho-tem-um-dia-com-a-aguia","status":"publish","type":"post","link":"http:\/\/blogdomello.com.br\/blog\/garotada-do-pinheirinho-tem-um-dia-com-a-aguia\/","title":{"rendered":"Garotada do Pinheirinho tem um dia com a \u00c1guia"},"content":{"rendered":"\n<p class=\"\"><strong><em>O S\u00e3o Jos\u00e9 EC recebeu 30 crian\u00e7as do projeto social Palmares FC, proporcionando um dia inesquec\u00edvel com apoio do Sicredi.<\/em><\/strong><\/p>\n\n\n\n<figure class=\"wp-block-image size-large\"><img data-recalc-dims=\"1\" loading=\"lazy\" decoding=\"async\" width=\"1024\" height=\"680\" data-attachment-id=\"3496\" data-permalink=\"http:\/\/blogdomello.com.br\/blog\/garotada-do-pinheirinho-tem-um-dia-com-a-aguia\/image-24\/\" data-orig-file=\"https:\/\/i0.wp.com\/blogdomello.com.br\/blog\/wp-content\/uploads\/2024\/10\/image-11.png?fit=1600%2C1063\" data-orig-size=\"1600,1063\" data-comments-opened=\"0\" data-image-meta=\"{&quot;aperture&quot;:&quot;0&quot;,&quot;credit&quot;:&quot;&quot;,&quot;camera&quot;:&quot;&quot;,&quot;caption&quot;:&quot;&quot;,&quot;created_timestamp&quot;:&quot;0&quot;,&quot;copyright&quot;:&quot;&quot;,&quot;focal_length&quot;:&quot;0&quot;,&quot;iso&quot;:&quot;0&quot;,&quot;shutter_speed&quot;:&quot;0&quot;,&quot;title&quot;:&quot;&quot;,&quot;orientation&quot;:&quot;0&quot;}\" data-image-title=\"image\" data-image-description=\"\" data-image-caption=\"\" data-large-file=\"https:\/\/i0.wp.com\/blogdomello.com.br\/blog\/wp-content\/uploads\/2024\/10\/image-11.png?fit=1024%2C680\" src=\"https:\/\/i0.wp.com\/blogdomello.com.br\/blog\/wp-content\/uploads\/2024\/10\/image-11-1024x680.png?resize=1024%2C680&#038;ssl=1\" alt=\"\" class=\"wp-image-3496\" srcset=\"https:\/\/i0.wp.com\/blogdomello.com.br\/blog\/wp-content\/uploads\/2024\/10\/image-11.png?resize=1024%2C680 1024w, https:\/\/i0.wp.com\/blogdomello.com.br\/blog\/wp-content\/uploads\/2024\/10\/image-11.png?resize=300%2C199 300w, https:\/\/i0.wp.com\/blogdomello.com.br\/blog\/wp-content\/uploads\/2024\/10\/image-11.png?resize=768%2C510 768w, https:\/\/i0.wp.com\/blogdomello.com.br\/blog\/wp-content\/uploads\/2024\/10\/image-11.png?resize=1536%2C1020 1536w, https:\/\/i0.wp.com\/blogdomello.com.br\/blog\/wp-content\/uploads\/2024\/10\/image-11.png?resize=50%2C33 50w, https:\/\/i0.wp.com\/blogdomello.com.br\/blog\/wp-content\/uploads\/2024\/10\/image-11.png?w=1600 1600w\" sizes=\"auto, (max-width: 1000px) 100vw, 1000px\" \/><figcaption class=\"wp-element-caption\">Celso Gomes \/ S\u00e3o Jos\u00e9 EC (2024)<\/figcaption><\/figure>\n\n\n\n<p class=\"\">Na \u00faltima ter\u00e7a (30), <em>o est\u00e1dio Martins Pereira virou palco de sonhos da crian\u00e7ada<\/em>, quando o <strong>Palmares FC<\/strong> levou <strong>30 crian\u00e7as do bairro Pinheirinho dos Palmares<\/strong> para um dia especial. A molecada andou no \u00f4nibus do \u00c1guia do Vale, conheceu os camarotes, os vesti\u00e1rios e claro bateu uma bola no gramado. &#x1f929;<\/p>\n\n\n\n<p class=\"\">E n\u00e3o parou por a\u00ed! Teve <strong>papo com o t\u00e9cnico Moacir J\u00fanior<\/strong>, que mandou a real pra galerinha: \u201c<em>Jogar \u00e9 top, mas boas notas e boa alimenta\u00e7\u00e3o s\u00e3o o segredo<\/em>!\u201d <em>Falou e disse!<\/em> <br><br>O evento teve a colabora\u00e7\u00e3o do <strong>Sicredi<\/strong>, que j\u00e1 apoia o projeto com material esportivo desde 2023, fortalecendo essa a\u00e7\u00e3o do bem.<\/p>\n\n\n\n<p class=\"\">O t\u00e9cnico LG, idealizador do Palmares FC, agradeceu o <strong>apoio ao projeto<\/strong>, que transforma a vida de mais de 100 jovens no bairro. <\/p>\n\n\n\n<p class=\"\"><\/p>\n","protected":false},"excerpt":{"rendered":"<p>O S\u00e3o Jos\u00e9 EC recebeu 30 crian\u00e7as do projeto social Palmares FC, proporcionando um dia inesquec\u00edvel com apoio do Sicredi.<\/p>\n","protected":false},"author":1,"featured_media":3496,"comment_status":"closed","ping_status":"open","sticky":false,"template":"","format":"standard","meta":{"nf_dc_page":"","om_disable_all_campaigns":false,"jetpack_post_was_ever_published":false,"_jetpack_newsletter_access":"","_jetpack_dont_email_post_to_subs":false,"_jetpack_newsletter_tier_id":0,"_jetpack_memberships_contains_paywalled_content":false,"_jetpack_memberships_contains_paid_content":false,"footnotes":"","jetpack_publicize_message":"","jetpack_publicize_feature_enabled":true,"jetpack_social_post_already_shared":true,"jetpack_social_options":{"image_generator_settings":{"template":"highway","default_image_id":0,"font":"","enabled":false},"version":2}},"categories":[15],"tags":[384,386,380,385,383,382,71,76,381],"class_list":["post-3495","post","type-post","status-publish","format-standard","has-post-thumbnail","hentry","category-esporte","tag-inclusao-social","tag-luiz-gonzaga-alvares","tag-moacir-junior","tag-palmares-fc","tag-pinheirinho-dos-palmares","tag-projeto-social","tag-sao-jose-dos-campos","tag-sao-jose-ec","tag-sicredi"],"wppr_data":{"cwp_meta_box_check":"No"},"jetpack_publicize_connections":[],"jetpack_featured_media_url":"https:\/\/i0.wp.com\/blogdomello.com.br\/blog\/wp-content\/uploads\/2024\/10\/image-11.png?fit=1600%2C1063","jetpack_sharing_enabled":true,"jetpack_shortlink":"https:\/\/wp.me\/p6LMUA-Un","jetpack-related-posts":[{"id":3459,"url":"http:\/\/blogdomello.com.br\/blog\/aguia-marca-golaco-contra-o-cancer-de-mama\/","url_meta":{"origin":3495,"position":0},"title":"\u00c1guia marca gola\u00e7o contra o c\u00e2ncer de mama","author":"danmello","date":"30\/10\/2024 - 07:18","format":false,"excerpt":"No dia 25, o S\u00e3o Jos\u00e9 EC recebeu o projeto \u2018Marque Esse Gol\u2019, beneficiando 60 mulheres com mamografias gratuitas, refor\u00e7ando a luta contra o c\u00e2ncer de mama.","rel":"","context":"Em &quot;Sem categoria&quot;","block_context":{"text":"Sem categoria","link":"http:\/\/blogdomello.com.br\/blog\/category\/sem-categoria\/"},"img":{"alt_text":"","src":"https:\/\/i0.wp.com\/blogdomello.com.br\/blog\/wp-content\/uploads\/2024\/10\/image-5.png?fit=1200%2C797&resize=350%2C200","width":350,"height":200,"srcset":"https:\/\/i0.wp.com\/blogdomello.com.br\/blog\/wp-content\/uploads\/2024\/10\/image-5.png?fit=1200%2C797&resize=350%2C200 1x, https:\/\/i0.wp.com\/blogdomello.com.br\/blog\/wp-content\/uploads\/2024\/10\/image-5.png?fit=1200%2C797&resize=525%2C300 1.5x, https:\/\/i0.wp.com\/blogdomello.com.br\/blog\/wp-content\/uploads\/2024\/10\/image-5.png?fit=1200%2C797&resize=700%2C400 2x, https:\/\/i0.wp.com\/blogdomello.com.br\/blog\/wp-content\/uploads\/2024\/10\/image-5.png?fit=1200%2C797&resize=1050%2C600 3x"},"classes":[]},{"id":3504,"url":"http:\/\/blogdomello.com.br\/blog\/agora-desvira-torcida-do-sao-jose-na-expectativa-por-um-2025-com-acesso\/","url_meta":{"origin":3495,"position":1},"title":"Agora vai? S\u00e3o Jos\u00e9 EC na expectativa por um 2025 com acesso","author":"danmello","date":"01\/11\/2024 - 18:52","format":false,"excerpt":"\u00c1guia do Vale inicia a temporada na pr\u00f3xima segunda-feira (4), com boas expectativas para a temporada.","rel":"","context":"Em &quot;S\u00e3o Jos\u00e9 EC&quot;","block_context":{"text":"S\u00e3o Jos\u00e9 EC","link":"http:\/\/blogdomello.com.br\/blog\/category\/sao-jose-ec\/"},"img":{"alt_text":"","src":"https:\/\/i0.wp.com\/blogdomello.com.br\/blog\/wp-content\/uploads\/2024\/11\/image.png?fit=1200%2C797&resize=350%2C200","width":350,"height":200,"srcset":"https:\/\/i0.wp.com\/blogdomello.com.br\/blog\/wp-content\/uploads\/2024\/11\/image.png?fit=1200%2C797&resize=350%2C200 1x, https:\/\/i0.wp.com\/blogdomello.com.br\/blog\/wp-content\/uploads\/2024\/11\/image.png?fit=1200%2C797&resize=525%2C300 1.5x, https:\/\/i0.wp.com\/blogdomello.com.br\/blog\/wp-content\/uploads\/2024\/11\/image.png?fit=1200%2C797&resize=700%2C400 2x, https:\/\/i0.wp.com\/blogdomello.com.br\/blog\/wp-content\/uploads\/2024\/11\/image.png?fit=1200%2C797&resize=1050%2C600 3x"},"classes":[]},{"id":3521,"url":"http:\/\/blogdomello.com.br\/blog\/gramado-prefeitura-e-time-imaturo-as-desculpas-do-sao-jose-para-abandonar-a-copinha\/","url_meta":{"origin":3495,"position":2},"title":"Gramado, Prefeitura e &#8216;Time Imaturo&#8217;: As desculpas do S\u00e3o Jos\u00e9 para abandonar a Copinha","author":"danmello","date":"22\/09\/2025 - 23:47","format":false,"excerpt":"A hist\u00f3ria por tr\u00e1s da aus\u00eancia na Copinha \ud83d\udd0e","rel":"","context":"Em &quot;Sem categoria&quot;","block_context":{"text":"Sem categoria","link":"http:\/\/blogdomello.com.br\/blog\/category\/sem-categoria\/"},"img":{"alt_text":"","src":"https:\/\/i0.wp.com\/blogdomello.com.br\/blog\/wp-content\/uploads\/2025\/09\/IMG_4921-2048x1365-1.webp?fit=1200%2C800&resize=350%2C200","width":350,"height":200,"srcset":"https:\/\/i0.wp.com\/blogdomello.com.br\/blog\/wp-content\/uploads\/2025\/09\/IMG_4921-2048x1365-1.webp?fit=1200%2C800&resize=350%2C200 1x, https:\/\/i0.wp.com\/blogdomello.com.br\/blog\/wp-content\/uploads\/2025\/09\/IMG_4921-2048x1365-1.webp?fit=1200%2C800&resize=525%2C300 1.5x, https:\/\/i0.wp.com\/blogdomello.com.br\/blog\/wp-content\/uploads\/2025\/09\/IMG_4921-2048x1365-1.webp?fit=1200%2C800&resize=700%2C400 2x, https:\/\/i0.wp.com\/blogdomello.com.br\/blog\/wp-content\/uploads\/2025\/09\/IMG_4921-2048x1365-1.webp?fit=1200%2C800&resize=1050%2C600 3x"},"classes":[]},{"id":3416,"url":"http:\/\/blogdomello.com.br\/blog\/kassab-e-lider-e-leal-ao-tarcisio-nao-atua-como-dono-de-partido-diz-anderson-ao-estadao\/","url_meta":{"origin":3495,"position":3},"title":"&#8220;Kassab \u00e9 l\u00edder e leal ao Tarc\u00edsio, n\u00e3o atua como dono de partido&#8221;, diz Anderson ao Estad\u00e3o","author":"danmello","date":"29\/10\/2024 - 07:24","format":false,"excerpt":"O prefeito reeleito Anderson Farias destacou a import\u00e2ncia do PSD e desacartou rivalidade com o PL em n\u00edvel estadual.","rel":"","context":"Em &quot;Elei\u00e7\u00f5es 2024&quot;","block_context":{"text":"Elei\u00e7\u00f5es 2024","link":"http:\/\/blogdomello.com.br\/blog\/category\/eleicoes-2024\/"},"img":{"alt_text":"","src":"https:\/\/i0.wp.com\/blogdomello.com.br\/blog\/wp-content\/uploads\/2024\/10\/Captura-de-tela-2024-10-29-071912.png?fit=881%2C478&resize=350%2C200","width":350,"height":200,"srcset":"https:\/\/i0.wp.com\/blogdomello.com.br\/blog\/wp-content\/uploads\/2024\/10\/Captura-de-tela-2024-10-29-071912.png?fit=881%2C478&resize=350%2C200 1x, https:\/\/i0.wp.com\/blogdomello.com.br\/blog\/wp-content\/uploads\/2024\/10\/Captura-de-tela-2024-10-29-071912.png?fit=881%2C478&resize=525%2C300 1.5x, https:\/\/i0.wp.com\/blogdomello.com.br\/blog\/wp-content\/uploads\/2024\/10\/Captura-de-tela-2024-10-29-071912.png?fit=881%2C478&resize=700%2C400 2x"},"classes":[]},{"id":3426,"url":"http:\/\/blogdomello.com.br\/blog\/perguntar-nao-ofende-prefeito-de-jacarei-e-a-dilma-que-cury-previa\/","url_meta":{"origin":3495,"position":4},"title":"Perguntar, n\u00e3o ofende: Iza\u00edas \u00e9 a \u201cDilma\u201d que Cury previa?","author":"danmello","date":"29\/10\/2024 - 22:37","format":false,"excerpt":"Cury e Emanuel previram a crise em S\u00e3o Jos\u00e9, mas erraram: o verdadeiro drama financeiro explode em Jacare\u00ed, onde Iza\u00edas Santana n\u00e3o deve ter seguido a cartilha da boa gest\u00e3o.","rel":"","context":"Em &quot;Jacare\u00ed&quot;","block_context":{"text":"Jacare\u00ed","link":"http:\/\/blogdomello.com.br\/blog\/category\/jacarei\/"},"img":{"alt_text":"","src":"https:\/\/i0.wp.com\/blogdomello.com.br\/blog\/wp-content\/uploads\/2024\/10\/DILMA-DE-JACAREI.png?fit=1080%2C1080&resize=350%2C200","width":350,"height":200,"srcset":"https:\/\/i0.wp.com\/blogdomello.com.br\/blog\/wp-content\/uploads\/2024\/10\/DILMA-DE-JACAREI.png?fit=1080%2C1080&resize=350%2C200 1x, https:\/\/i0.wp.com\/blogdomello.com.br\/blog\/wp-content\/uploads\/2024\/10\/DILMA-DE-JACAREI.png?fit=1080%2C1080&resize=525%2C300 1.5x, https:\/\/i0.wp.com\/blogdomello.com.br\/blog\/wp-content\/uploads\/2024\/10\/DILMA-DE-JACAREI.png?fit=1080%2C1080&resize=700%2C400 2x, https:\/\/i0.wp.com\/blogdomello.com.br\/blog\/wp-content\/uploads\/2024\/10\/DILMA-DE-JACAREI.png?fit=1080%2C1080&resize=1050%2C600 3x"},"classes":[]},{"id":3388,"url":"http:\/\/blogdomello.com.br\/blog\/com-que-salto-eu-vou\/","url_meta":{"origin":3495,"position":5},"title":"Com que salto eu vou?","author":"danmello","date":"28\/10\/2024 - 14:29","format":false,"excerpt":"A escolha parecia simples para Eduardo Cury, nas elei\u00e7\u00f5es de 2024: o \"sapato velho de Salto 45\", ou \u201csapato de grife novo de Salto 22\u201d. Anderson venceu a elei\u00e7\u00e3o de forma merecida, que reflete a avalia\u00e7\u00e3o do seu governo. O joseense quer trabalho! Mas vamos falar do advers\u00e1rio, no day\u2026","rel":"","context":"Em &quot;Cidade&quot;","block_context":{"text":"Cidade","link":"http:\/\/blogdomello.com.br\/blog\/category\/cidade\/"},"img":{"alt_text":"","src":"https:\/\/i0.wp.com\/blogdomello.com.br\/blog\/wp-content\/uploads\/2024\/10\/1e3325ec-0787-4781-bac5-0ebf608bacee.jpeg?fit=1024%2C1024&resize=350%2C200","width":350,"height":200,"srcset":"https:\/\/i0.wp.com\/blogdomello.com.br\/blog\/wp-content\/uploads\/2024\/10\/1e3325ec-0787-4781-bac5-0ebf608bacee.jpeg?fit=1024%2C1024&resize=350%2C200 1x, https:\/\/i0.wp.com\/blogdomello.com.br\/blog\/wp-content\/uploads\/2024\/10\/1e3325ec-0787-4781-bac5-0ebf608bacee.jpeg?fit=1024%2C1024&resize=525%2C300 1.5x, https:\/\/i0.wp.com\/blogdomello.com.br\/blog\/wp-content\/uploads\/2024\/10\/1e3325ec-0787-4781-bac5-0ebf608bacee.jpeg?fit=1024%2C1024&resize=700%2C400 2x"},"classes":[]}],"jetpack_likes_enabled":false,"_links":{"self":[{"href":"http:\/\/blogdomello.com.br\/blog\/wp-json\/wp\/v2\/posts\/3495","targetHints":{"allow":["GET"]}}],"collection":[{"href":"http:\/\/blogdomello.com.br\/blog\/wp-json\/wp\/v2\/posts"}],"about":[{"href":"http:\/\/blogdomello.com.br\/blog\/wp-json\/wp\/v2\/types\/post"}],"author":[{"embeddable":true,"href":"http:\/\/blogdomello.com.br\/blog\/wp-json\/wp\/v2\/users\/1"}],"replies":[{"embeddable":true,"href":"http:\/\/blogdomello.com.br\/blog\/wp-json\/wp\/v2\/comments?post=3495"}],"version-history":[{"count":1,"href":"http:\/\/blogdomello.com.br\/blog\/wp-json\/wp\/v2\/posts\/3495\/revisions"}],"predecessor-version":[{"id":3497,"href":"http:\/\/blogdomello.com.br\/blog\/wp-json\/wp\/v2\/posts\/3495\/revisions\/3497"}],"wp:featuredmedia":[{"embeddable":true,"href":"http:\/\/blogdomello.com.br\/blog\/wp-json\/wp\/v2\/media\/3496"}],"wp:attachment":[{"href":"http:\/\/blogdomello.com.br\/blog\/wp-json\/wp\/v2\/media?parent=3495"}],"wp:term":[{"taxonomy":"category","embeddable":true,"href":"http:\/\/blogdomello.com.br\/blog\/wp-json\/wp\/v2\/categories?post=3495"},{"taxonomy":"post_tag","embeddable":true,"href":"http:\/\/blogdomello.com.br\/blog\/wp-json\/wp\/v2\/tags?post=3495"}],"curies":[{"name":"wp","href":"https:\/\/api.w.org\/{rel}","templated":true}]}}