{"id":3492,"date":"2024-10-31T12:17:00","date_gmt":"2024-10-31T15:17:00","guid":{"rendered":"https:\/\/blogdomello.com.br\/blog\/?p=3492"},"modified":"2024-10-31T09:23:11","modified_gmt":"2024-10-31T12:23:11","slug":"posicoes-invertidas-em-2025-ortiz-na-alesp-e-sergio-victor-no-bom-conselho","status":"publish","type":"post","link":"http:\/\/blogdomello.com.br\/blog\/posicoes-invertidas-em-2025-ortiz-na-alesp-e-sergio-victor-no-bom-conselho\/","title":{"rendered":"Posi\u00e7\u00f5es invertidas em 2025? Ortiz na ALESP e S\u00e9rgio Victor no Bom Conselho"},"content":{"rendered":"\n<p class=\"\"><strong><em>Invers\u00e3o de pap\u00e9is pode acontecer! Ortiz deve assumir vaga de deputado estadual na Alesp em 2025, enquanto S\u00e9rgio comanda Taubat\u00e9 como prefeito.<\/em><\/strong><\/p>\n\n\n\n<figure class=\"wp-block-image size-full\"><img data-recalc-dims=\"1\" loading=\"lazy\" decoding=\"async\" width=\"850\" height=\"566\" data-attachment-id=\"3493\" data-permalink=\"http:\/\/blogdomello.com.br\/blog\/posicoes-invertidas-em-2025-ortiz-na-alesp-e-sergio-victor-no-bom-conselho\/image-23\/\" data-orig-file=\"https:\/\/i0.wp.com\/blogdomello.com.br\/blog\/wp-content\/uploads\/2024\/10\/image-10.png?fit=850%2C566\" data-orig-size=\"850,566\" data-comments-opened=\"0\" data-image-meta=\"{&quot;aperture&quot;:&quot;0&quot;,&quot;credit&quot;:&quot;&quot;,&quot;camera&quot;:&quot;&quot;,&quot;caption&quot;:&quot;&quot;,&quot;created_timestamp&quot;:&quot;0&quot;,&quot;copyright&quot;:&quot;&quot;,&quot;focal_length&quot;:&quot;0&quot;,&quot;iso&quot;:&quot;0&quot;,&quot;shutter_speed&quot;:&quot;0&quot;,&quot;title&quot;:&quot;&quot;,&quot;orientation&quot;:&quot;0&quot;}\" data-image-title=\"image\" data-image-description=\"\" data-image-caption=\"\" data-large-file=\"https:\/\/i0.wp.com\/blogdomello.com.br\/blog\/wp-content\/uploads\/2024\/10\/image-10.png?fit=850%2C566\" src=\"https:\/\/i0.wp.com\/blogdomello.com.br\/blog\/wp-content\/uploads\/2024\/10\/image-10.png?resize=850%2C566&#038;ssl=1\" alt=\"\" class=\"wp-image-3493\" srcset=\"https:\/\/i0.wp.com\/blogdomello.com.br\/blog\/wp-content\/uploads\/2024\/10\/image-10.png?w=850 850w, https:\/\/i0.wp.com\/blogdomello.com.br\/blog\/wp-content\/uploads\/2024\/10\/image-10.png?resize=300%2C200 300w, https:\/\/i0.wp.com\/blogdomello.com.br\/blog\/wp-content\/uploads\/2024\/10\/image-10.png?resize=768%2C511 768w, https:\/\/i0.wp.com\/blogdomello.com.br\/blog\/wp-content\/uploads\/2024\/10\/image-10.png?resize=50%2C33 50w\" sizes=\"auto, (max-width: 850px) 100vw, 850px\" \/><figcaption class=\"wp-element-caption\">Divulga\u00e7\u00e3o\/OVale<\/figcaption><\/figure>\n\n\n\n<p class=\"\">Em <em>janeiro de 2025<\/em>, <strong>Ortiz Junior<\/strong> deve tomar posse como <em>deputado estadual<\/em>, enquanto <strong>S\u00e9rgio Victor<\/strong>, antes ocupante desse cargo, assume o papel de prefeito de Taubat\u00e9.<\/p>\n\n\n\n<p class=\"\">A invers\u00e3o de pap\u00e9is \u00e9 t\u00e3o <em>inusitada<\/em> quanto pol\u00edtica. Ap\u00f3s perder para S\u00e9rgio Victor no segundo turno, Ortiz est\u00e1 prestes a retornar ao cen\u00e1rio pol\u00edtico, mas dessa vez longe da prefeitura, segundo a <strong>apura\u00e7\u00e3o do jornalista Julio Codazzi de Ovale<\/strong>. <\/p>\n\n\n\n<p class=\"\"><em>Ele \u00e9 o primeiro suplente<\/em> da federa\u00e7\u00e3o PSDB-Cidadania, j\u00e1 que o deputado Vin\u00edcius Camarinha deixa a cadeira, depois de ser eleito prefeito de Mar\u00edlia.<\/p>\n\n\n\n<p class=\"\">O que chama aten\u00e7\u00e3o \u00e9 que Ortiz, agora no Republicanos, ainda pode ter que lidar com uma <strong>quest\u00e3o de fidelidade partid\u00e1ria<\/strong>, j\u00e1 que ele era do PSDB quando foi votado como suplente. Segundo advogados, se a sigla resolver contestar, Ortiz pode enfrentar problemas.<\/p>\n\n\n\n<p class=\"\"><em>&#8220;At\u00e9 agora, nem pensei nisso. Estou de luto e descansando da campanha,&#8221;<\/em> confessou Ortiz, que parece estar mais focado na fam\u00edlia ap\u00f3s o recente falecimento do pai. Acompanhemos.<\/p>\n\n\n\n<p class=\"\">&#x1f449; <a href=\"https:\/\/sampi.net.br\/ovale\/noticias\/2865320\/vale-do-paraiba\/2024\/10\/apos-derrota-ortiz-deve-assumir-como-deputado-em-janeiro-de-2025\">Leia mais no Ovale<\/a>.<\/p>\n","protected":false},"excerpt":{"rendered":"<p>Invers\u00e3o de pap\u00e9is pode acontecer! Ortiz deve assumir vaga de deputado estadual na Alesp em 2025, enquanto S\u00e9rgio comanda Taubat\u00e9 como prefeito.<\/p>\n","protected":false},"author":1,"featured_media":3493,"comment_status":"closed","ping_status":"open","sticky":false,"template":"","format":"standard","meta":{"nf_dc_page":"","om_disable_all_campaigns":false,"jetpack_post_was_ever_published":false,"_jetpack_newsletter_access":"","_jetpack_dont_email_post_to_subs":false,"_jetpack_newsletter_tier_id":0,"_jetpack_memberships_contains_paywalled_content":false,"_jetpack_memberships_contains_paid_content":false,"footnotes":"","jetpack_publicize_message":"","jetpack_publicize_feature_enabled":true,"jetpack_social_post_already_shared":true,"jetpack_social_options":{"image_generator_settings":{"template":"highway","default_image_id":0,"font":"","enabled":false},"version":2}},"categories":[372],"tags":[299,350,374,376,377,57,373,379,375],"class_list":["post-3492","post","type-post","status-publish","format-standard","has-post-thumbnail","hentry","category-taubate","tag-alesp","tag-eleicao-2024","tag-inversao-de-papeis","tag-ortiz-junior","tag-politica","tag-psdb","tag-republicanos","tag-sergio-victor","tag-taubate"],"wppr_data":{"cwp_meta_box_check":"No"},"jetpack_publicize_connections":[],"jetpack_featured_media_url":"https:\/\/i0.wp.com\/blogdomello.com.br\/blog\/wp-content\/uploads\/2024\/10\/image-10.png?fit=850%2C566","jetpack_sharing_enabled":true,"jetpack_shortlink":"https:\/\/wp.me\/p6LMUA-Uk","jetpack-related-posts":[{"id":3416,"url":"http:\/\/blogdomello.com.br\/blog\/kassab-e-lider-e-leal-ao-tarcisio-nao-atua-como-dono-de-partido-diz-anderson-ao-estadao\/","url_meta":{"origin":3492,"position":0},"title":"&#8220;Kassab \u00e9 l\u00edder e leal ao Tarc\u00edsio, n\u00e3o atua como dono de partido&#8221;, diz Anderson ao Estad\u00e3o","author":"danmello","date":"29\/10\/2024 - 07:24","format":false,"excerpt":"O prefeito reeleito Anderson Farias destacou a import\u00e2ncia do PSD e desacartou rivalidade com o PL em n\u00edvel estadual.","rel":"","context":"Em &quot;Elei\u00e7\u00f5es 2024&quot;","block_context":{"text":"Elei\u00e7\u00f5es 2024","link":"http:\/\/blogdomello.com.br\/blog\/category\/eleicoes-2024\/"},"img":{"alt_text":"","src":"https:\/\/i0.wp.com\/blogdomello.com.br\/blog\/wp-content\/uploads\/2024\/10\/Captura-de-tela-2024-10-29-071912.png?fit=881%2C478&resize=350%2C200","width":350,"height":200,"srcset":"https:\/\/i0.wp.com\/blogdomello.com.br\/blog\/wp-content\/uploads\/2024\/10\/Captura-de-tela-2024-10-29-071912.png?fit=881%2C478&resize=350%2C200 1x, https:\/\/i0.wp.com\/blogdomello.com.br\/blog\/wp-content\/uploads\/2024\/10\/Captura-de-tela-2024-10-29-071912.png?fit=881%2C478&resize=525%2C300 1.5x, https:\/\/i0.wp.com\/blogdomello.com.br\/blog\/wp-content\/uploads\/2024\/10\/Captura-de-tela-2024-10-29-071912.png?fit=881%2C478&resize=700%2C400 2x"},"classes":[]},{"id":3451,"url":"http:\/\/blogdomello.com.br\/blog\/lideres-de-pl-e-psdb-se-apressam-em-nota-de-oposicao-vereadores-ainda-devem-conversar\/","url_meta":{"origin":3492,"position":1},"title":"L\u00edderes de PL e PSDB se apressam em nota de oposi\u00e7\u00e3o, vereadores ainda devem conversar","author":"danmello","date":"30\/10\/2024 - 06:52","format":false,"excerpt":"Vereadores hesitam em adotar uma oposi\u00e7\u00e3o clara ao prefeito Anderson Farias, revelando que a oposi\u00e7\u00e3o pode n\u00e3o ser do tamanho que os caciques falam.","rel":"","context":"Em &quot;Cidade&quot;","block_context":{"text":"Cidade","link":"http:\/\/blogdomello.com.br\/blog\/category\/cidade\/"},"img":{"alt_text":"","src":"https:\/\/i0.wp.com\/blogdomello.com.br\/blog\/wp-content\/uploads\/2024\/10\/image-4-edited.png?fit=968%2C544&resize=350%2C200","width":350,"height":200,"srcset":"https:\/\/i0.wp.com\/blogdomello.com.br\/blog\/wp-content\/uploads\/2024\/10\/image-4-edited.png?fit=968%2C544&resize=350%2C200 1x, https:\/\/i0.wp.com\/blogdomello.com.br\/blog\/wp-content\/uploads\/2024\/10\/image-4-edited.png?fit=968%2C544&resize=525%2C300 1.5x, https:\/\/i0.wp.com\/blogdomello.com.br\/blog\/wp-content\/uploads\/2024\/10\/image-4-edited.png?fit=968%2C544&resize=700%2C400 2x"},"classes":[]},{"id":3488,"url":"http:\/\/blogdomello.com.br\/blog\/prometeu-dinheiro-e-deu-o-calote-nas-empresas-de-onibus\/","url_meta":{"origin":3492,"position":2},"title":"Prometeu dinheiro e deu o &#8220;calote&#8221; nas empresas de \u00f4nibus","author":"danmello","date":"31\/10\/2024 - 12:33","format":false,"excerpt":"Greve explode ap\u00f3s promessa furada! Ser\u00e1 estelionato eleitoral?","rel":"","context":"Em &quot;Jacare\u00ed&quot;","block_context":{"text":"Jacare\u00ed","link":"http:\/\/blogdomello.com.br\/blog\/category\/jacarei\/"},"img":{"alt_text":"","src":"https:\/\/i0.wp.com\/blogdomello.com.br\/blog\/wp-content\/uploads\/2024\/10\/image-9.png?fit=770%2C431&resize=350%2C200","width":350,"height":200,"srcset":"https:\/\/i0.wp.com\/blogdomello.com.br\/blog\/wp-content\/uploads\/2024\/10\/image-9.png?fit=770%2C431&resize=350%2C200 1x, https:\/\/i0.wp.com\/blogdomello.com.br\/blog\/wp-content\/uploads\/2024\/10\/image-9.png?fit=770%2C431&resize=525%2C300 1.5x, https:\/\/i0.wp.com\/blogdomello.com.br\/blog\/wp-content\/uploads\/2024\/10\/image-9.png?fit=770%2C431&resize=700%2C400 2x"},"classes":[]},{"id":3535,"url":"http:\/\/blogdomello.com.br\/blog\/dulce-desiste-de-brasilia\/","url_meta":{"origin":3492,"position":3},"title":"Dulce desiste de Bras\u00edlia","author":"danmello","date":"31\/03\/2026 - 07:27","format":false,"excerpt":"Past\u00e9is, feira e pol\u00edtica: j\u00e1 come\u00e7ou a campanha eleitoral em S\u00e3o Jos\u00e9","rel":"","context":"Em &quot;Elei\u00e7\u00f5es 2026&quot;","block_context":{"text":"Elei\u00e7\u00f5es 2026","link":"http:\/\/blogdomello.com.br\/blog\/category\/eleicoes-2026\/"},"img":{"alt_text":"","src":"https:\/\/i0.wp.com\/blogdomello.com.br\/blog\/wp-content\/uploads\/2026\/03\/image-edited-1.png?fit=886%2C498&resize=350%2C200","width":350,"height":200,"srcset":"https:\/\/i0.wp.com\/blogdomello.com.br\/blog\/wp-content\/uploads\/2026\/03\/image-edited-1.png?fit=886%2C498&resize=350%2C200 1x, https:\/\/i0.wp.com\/blogdomello.com.br\/blog\/wp-content\/uploads\/2026\/03\/image-edited-1.png?fit=886%2C498&resize=525%2C300 1.5x, https:\/\/i0.wp.com\/blogdomello.com.br\/blog\/wp-content\/uploads\/2026\/03\/image-edited-1.png?fit=886%2C498&resize=700%2C400 2x"},"classes":[]},{"id":3435,"url":"http:\/\/blogdomello.com.br\/blog\/cachorro-quente-e-justica-so-pode-ser-vitoria-da-dona-neusa\/","url_meta":{"origin":3492,"position":4},"title":"Cachorro quente e justi\u00e7a: s\u00f3 pode ser vit\u00f3ria da Dona Neusa!","author":"danmello","date":"29\/10\/2024 - 23:31","format":false,"excerpt":"Dona Neusa, famosa por seu cachorro-quente, enfrentou mais uma vez a persegui\u00e7\u00e3o do ex-prefeito Eduardo Cury.","rel":"","context":"Em &quot;Elei\u00e7\u00f5es 2024&quot;","block_context":{"text":"Elei\u00e7\u00f5es 2024","link":"http:\/\/blogdomello.com.br\/blog\/category\/eleicoes-2024\/"},"img":{"alt_text":"","src":"https:\/\/i0.wp.com\/blogdomello.com.br\/blog\/wp-content\/uploads\/2024\/10\/image-2.png?fit=640%2C428&resize=350%2C200","width":350,"height":200,"srcset":"https:\/\/i0.wp.com\/blogdomello.com.br\/blog\/wp-content\/uploads\/2024\/10\/image-2.png?fit=640%2C428&resize=350%2C200 1x, https:\/\/i0.wp.com\/blogdomello.com.br\/blog\/wp-content\/uploads\/2024\/10\/image-2.png?fit=640%2C428&resize=525%2C300 1.5x"},"classes":[]},{"id":3426,"url":"http:\/\/blogdomello.com.br\/blog\/perguntar-nao-ofende-prefeito-de-jacarei-e-a-dilma-que-cury-previa\/","url_meta":{"origin":3492,"position":5},"title":"Perguntar, n\u00e3o ofende: Iza\u00edas \u00e9 a \u201cDilma\u201d que Cury previa?","author":"danmello","date":"29\/10\/2024 - 22:37","format":false,"excerpt":"Cury e Emanuel previram a crise em S\u00e3o Jos\u00e9, mas erraram: o verdadeiro drama financeiro explode em Jacare\u00ed, onde Iza\u00edas Santana n\u00e3o deve ter seguido a cartilha da boa gest\u00e3o.","rel":"","context":"Em &quot;Jacare\u00ed&quot;","block_context":{"text":"Jacare\u00ed","link":"http:\/\/blogdomello.com.br\/blog\/category\/jacarei\/"},"img":{"alt_text":"","src":"https:\/\/i0.wp.com\/blogdomello.com.br\/blog\/wp-content\/uploads\/2024\/10\/DILMA-DE-JACAREI.png?fit=1080%2C1080&resize=350%2C200","width":350,"height":200,"srcset":"https:\/\/i0.wp.com\/blogdomello.com.br\/blog\/wp-content\/uploads\/2024\/10\/DILMA-DE-JACAREI.png?fit=1080%2C1080&resize=350%2C200 1x, https:\/\/i0.wp.com\/blogdomello.com.br\/blog\/wp-content\/uploads\/2024\/10\/DILMA-DE-JACAREI.png?fit=1080%2C1080&resize=525%2C300 1.5x, https:\/\/i0.wp.com\/blogdomello.com.br\/blog\/wp-content\/uploads\/2024\/10\/DILMA-DE-JACAREI.png?fit=1080%2C1080&resize=700%2C400 2x, https:\/\/i0.wp.com\/blogdomello.com.br\/blog\/wp-content\/uploads\/2024\/10\/DILMA-DE-JACAREI.png?fit=1080%2C1080&resize=1050%2C600 3x"},"classes":[]}],"jetpack_likes_enabled":false,"_links":{"self":[{"href":"http:\/\/blogdomello.com.br\/blog\/wp-json\/wp\/v2\/posts\/3492","targetHints":{"allow":["GET"]}}],"collection":[{"href":"http:\/\/blogdomello.com.br\/blog\/wp-json\/wp\/v2\/posts"}],"about":[{"href":"http:\/\/blogdomello.com.br\/blog\/wp-json\/wp\/v2\/types\/post"}],"author":[{"embeddable":true,"href":"http:\/\/blogdomello.com.br\/blog\/wp-json\/wp\/v2\/users\/1"}],"replies":[{"embeddable":true,"href":"http:\/\/blogdomello.com.br\/blog\/wp-json\/wp\/v2\/comments?post=3492"}],"version-history":[{"count":1,"href":"http:\/\/blogdomello.com.br\/blog\/wp-json\/wp\/v2\/posts\/3492\/revisions"}],"predecessor-version":[{"id":3494,"href":"http:\/\/blogdomello.com.br\/blog\/wp-json\/wp\/v2\/posts\/3492\/revisions\/3494"}],"wp:featuredmedia":[{"embeddable":true,"href":"http:\/\/blogdomello.com.br\/blog\/wp-json\/wp\/v2\/media\/3493"}],"wp:attachment":[{"href":"http:\/\/blogdomello.com.br\/blog\/wp-json\/wp\/v2\/media?parent=3492"}],"wp:term":[{"taxonomy":"category","embeddable":true,"href":"http:\/\/blogdomello.com.br\/blog\/wp-json\/wp\/v2\/categories?post=3492"},{"taxonomy":"post_tag","embeddable":true,"href":"http:\/\/blogdomello.com.br\/blog\/wp-json\/wp\/v2\/tags?post=3492"}],"curies":[{"name":"wp","href":"https:\/\/api.w.org\/{rel}","templated":true}]}}