{"id":3479,"date":"2024-10-30T19:59:22","date_gmt":"2024-10-30T22:59:22","guid":{"rendered":"https:\/\/blogdomello.com.br\/blog\/?p=3479"},"modified":"2024-10-31T08:25:10","modified_gmt":"2024-10-31T11:25:10","slug":"jacarei-pode-amanhecer-sem-transporte-por-falta-de-pagamento","status":"publish","type":"post","link":"http:\/\/blogdomello.com.br\/blog\/jacarei-pode-amanhecer-sem-transporte-por-falta-de-pagamento\/","title":{"rendered":"Jacare\u00ed pode amanhecer sem transporte, por falta de pagamento"},"content":{"rendered":"\n<p><strong><em>Presidente do Sindicato dos Condutores, alega que a prefeitura n\u00e3o repassou os valores devidos para as empresas<\/em><\/strong><\/p>\n\n\n\n<figure class=\"wp-block-image size-full\"><img data-recalc-dims=\"1\" loading=\"lazy\" decoding=\"async\" width=\"340\" height=\"522\" data-attachment-id=\"3480\" data-permalink=\"http:\/\/blogdomello.com.br\/blog\/jacarei-pode-amanhecer-sem-transporte-por-falta-de-pagamento\/image-21\/\" data-orig-file=\"https:\/\/i0.wp.com\/blogdomello.com.br\/blog\/wp-content\/uploads\/2024\/10\/image-8.png?fit=340%2C522\" data-orig-size=\"340,522\" data-comments-opened=\"0\" data-image-meta=\"{&quot;aperture&quot;:&quot;0&quot;,&quot;credit&quot;:&quot;&quot;,&quot;camera&quot;:&quot;&quot;,&quot;caption&quot;:&quot;&quot;,&quot;created_timestamp&quot;:&quot;0&quot;,&quot;copyright&quot;:&quot;&quot;,&quot;focal_length&quot;:&quot;0&quot;,&quot;iso&quot;:&quot;0&quot;,&quot;shutter_speed&quot;:&quot;0&quot;,&quot;title&quot;:&quot;&quot;,&quot;orientation&quot;:&quot;0&quot;}\" data-image-title=\"image\" data-image-description=\"\" data-image-caption=\"\" data-large-file=\"https:\/\/i0.wp.com\/blogdomello.com.br\/blog\/wp-content\/uploads\/2024\/10\/image-8.png?fit=340%2C522\" src=\"https:\/\/i0.wp.com\/blogdomello.com.br\/blog\/wp-content\/uploads\/2024\/10\/image-8.png?resize=340%2C522&#038;ssl=1\" alt=\"\" class=\"wp-image-3480\" srcset=\"https:\/\/i0.wp.com\/blogdomello.com.br\/blog\/wp-content\/uploads\/2024\/10\/image-8.png?w=340 340w, https:\/\/i0.wp.com\/blogdomello.com.br\/blog\/wp-content\/uploads\/2024\/10\/image-8.png?resize=195%2C300 195w, https:\/\/i0.wp.com\/blogdomello.com.br\/blog\/wp-content\/uploads\/2024\/10\/image-8.png?resize=33%2C50 33w\" sizes=\"auto, (max-width: 340px) 100vw, 340px\" \/><figcaption class=\"wp-element-caption\">Presidente se pronunciou em v\u00eddeo nas redes sociais<\/figcaption><\/figure>\n\n\n\n<p>Jacare\u00ed pode enfrentar problemas graves de <strong>transporte coletivo e coleta de lixo<\/strong> nos pr\u00f3ximos dias. Segundo informa\u00e7\u00f5es divulgadas pelo Sindicato dos Condutores, a prefeitura estaria atrasando os repasses de pagamento \u00e0s empresas respons\u00e1veis por esses servi\u00e7os essenciais.<\/p>\n\n\n\n<p>O sindicalista Ronaldo Costa destacou: <em>\u201cEsses atrasos n\u00e3o s\u00e3o novidade. A prefeitura est\u00e1 deixando de fazer os repasses regulares para transporte e coleta.\u201d<\/em><\/p>\n\n\n\n<p>De acordo com Costa, a empresa JTU <strong>n\u00e3o conseguiu liberar <\/strong>a participa\u00e7\u00e3o dos lucros dos funcion\u00e1rios hoje, dia 30, devido \u00e0 falta de repasse do subs\u00eddio pela prefeitura. Amanh\u00e3, dia 31, os trabalhadores da coleta tamb\u00e9m podem ser prejudicados, com o vale-alimenta\u00e7\u00e3o possivelmente retido pela falta de pagamento.<\/p>\n\n\n\n<p>Veja a poublica\u00c7ao nas redes sociais:<\/p>\n\n\n\n<figure class=\"wp-block-embed is-type-rich is-provider-instagram wp-block-embed-instagram\"><div class=\"wp-block-embed__wrapper\">\n<blockquote class=\"instagram-media\" data-instgrm-captioned data-instgrm-permalink=\"https:\/\/www.instagram.com\/reel\/DBw2akmv0X5\/?utm_source=ig_embed&amp;utm_campaign=loading\" data-instgrm-version=\"14\" style=\" background:#FFF; border:0; border-radius:3px; box-shadow:0 0 1px 0 rgba(0,0,0,0.5),0 1px 10px 0 rgba(0,0,0,0.15); margin: 1px; max-width:500px; min-width:326px; padding:0; width:99.375%; width:-webkit-calc(100% - 2px); width:calc(100% - 2px);\"><div style=\"padding:16px;\"> <a href=\"https:\/\/www.instagram.com\/reel\/DBw2akmv0X5\/?utm_source=ig_embed&amp;utm_campaign=loading\" style=\" background:#FFFFFF; line-height:0; padding:0 0; text-align:center; text-decoration:none; width:100%;\" target=\"_blank\"> <div style=\" display: flex; flex-direction: row; align-items: center;\"> <div style=\"background-color: #F4F4F4; border-radius: 50%; flex-grow: 0; height: 40px; margin-right: 14px; width: 40px;\"><\/div> <div style=\"display: flex; flex-direction: column; flex-grow: 1; justify-content: center;\"> <div style=\" background-color: #F4F4F4; border-radius: 4px; flex-grow: 0; height: 14px; margin-bottom: 6px; width: 100px;\"><\/div> <div style=\" background-color: #F4F4F4; border-radius: 4px; flex-grow: 0; height: 14px; width: 60px;\"><\/div><\/div><\/div><div style=\"padding: 19% 0;\"><\/div> <div style=\"display:block; height:50px; margin:0 auto 12px; width:50px;\"><svg width=\"50px\" height=\"50px\" viewBox=\"0 0 60 60\" version=\"1.1\" xmlns=\"https:\/\/www.w3.org\/2000\/svg\" xmlns:xlink=\"https:\/\/www.w3.org\/1999\/xlink\"><g stroke=\"none\" stroke-width=\"1\" fill=\"none\" fill-rule=\"evenodd\"><g transform=\"translate(-511.000000, -20.000000)\" fill=\"#000000\"><g><path d=\"M556.869,30.41 C554.814,30.41 553.148,32.076 553.148,34.131 C553.148,36.186 554.814,37.852 556.869,37.852 C558.924,37.852 560.59,36.186 560.59,34.131 C560.59,32.076 558.924,30.41 556.869,30.41 M541,60.657 C535.114,60.657 530.342,55.887 530.342,50 C530.342,44.114 535.114,39.342 541,39.342 C546.887,39.342 551.658,44.114 551.658,50 C551.658,55.887 546.887,60.657 541,60.657 M541,33.886 C532.1,33.886 524.886,41.1 524.886,50 C524.886,58.899 532.1,66.113 541,66.113 C549.9,66.113 557.115,58.899 557.115,50 C557.115,41.1 549.9,33.886 541,33.886 M565.378,62.101 C565.244,65.022 564.756,66.606 564.346,67.663 C563.803,69.06 563.154,70.057 562.106,71.106 C561.058,72.155 560.06,72.803 558.662,73.347 C557.607,73.757 556.021,74.244 553.102,74.378 C549.944,74.521 548.997,74.552 541,74.552 C533.003,74.552 532.056,74.521 528.898,74.378 C525.979,74.244 524.393,73.757 523.338,73.347 C521.94,72.803 520.942,72.155 519.894,71.106 C518.846,70.057 518.197,69.06 517.654,67.663 C517.244,66.606 516.755,65.022 516.623,62.101 C516.479,58.943 516.448,57.996 516.448,50 C516.448,42.003 516.479,41.056 516.623,37.899 C516.755,34.978 517.244,33.391 517.654,32.338 C518.197,30.938 518.846,29.942 519.894,28.894 C520.942,27.846 521.94,27.196 523.338,26.654 C524.393,26.244 525.979,25.756 528.898,25.623 C532.057,25.479 533.004,25.448 541,25.448 C548.997,25.448 549.943,25.479 553.102,25.623 C556.021,25.756 557.607,26.244 558.662,26.654 C560.06,27.196 561.058,27.846 562.106,28.894 C563.154,29.942 563.803,30.938 564.346,32.338 C564.756,33.391 565.244,34.978 565.378,37.899 C565.522,41.056 565.552,42.003 565.552,50 C565.552,57.996 565.522,58.943 565.378,62.101 M570.82,37.631 C570.674,34.438 570.167,32.258 569.425,30.349 C568.659,28.377 567.633,26.702 565.965,25.035 C564.297,23.368 562.623,22.342 560.652,21.575 C558.743,20.834 556.562,20.326 553.369,20.18 C550.169,20.033 549.148,20 541,20 C532.853,20 531.831,20.033 528.631,20.18 C525.438,20.326 523.257,20.834 521.349,21.575 C519.376,22.342 517.703,23.368 516.035,25.035 C514.368,26.702 513.342,28.377 512.574,30.349 C511.834,32.258 511.326,34.438 511.181,37.631 C511.035,40.831 511,41.851 511,50 C511,58.147 511.035,59.17 511.181,62.369 C511.326,65.562 511.834,67.743 512.574,69.651 C513.342,71.625 514.368,73.296 516.035,74.965 C517.703,76.634 519.376,77.658 521.349,78.425 C523.257,79.167 525.438,79.673 528.631,79.82 C531.831,79.965 532.853,80.001 541,80.001 C549.148,80.001 550.169,79.965 553.369,79.82 C556.562,79.673 558.743,79.167 560.652,78.425 C562.623,77.658 564.297,76.634 565.965,74.965 C567.633,73.296 568.659,71.625 569.425,69.651 C570.167,67.743 570.674,65.562 570.82,62.369 C570.966,59.17 571,58.147 571,50 C571,41.851 570.966,40.831 570.82,37.631\"><\/path><\/g><\/g><\/g><\/svg><\/div><div style=\"padding-top: 8px;\"> <div style=\" color:#3897f0; font-family:Arial,sans-serif; font-size:14px; font-style:normal; font-weight:550; line-height:18px;\">View this post on Instagram<\/div><\/div><div style=\"padding: 12.5% 0;\"><\/div> <div style=\"display: flex; flex-direction: row; margin-bottom: 14px; align-items: center;\"><div> <div style=\"background-color: #F4F4F4; border-radius: 50%; height: 12.5px; width: 12.5px; transform: translateX(0px) translateY(7px);\"><\/div> <div style=\"background-color: #F4F4F4; height: 12.5px; transform: rotate(-45deg) translateX(3px) translateY(1px); width: 12.5px; flex-grow: 0; margin-right: 14px; margin-left: 2px;\"><\/div> <div style=\"background-color: #F4F4F4; border-radius: 50%; height: 12.5px; width: 12.5px; transform: translateX(9px) translateY(-18px);\"><\/div><\/div><div style=\"margin-left: 8px;\"> <div style=\" background-color: #F4F4F4; border-radius: 50%; flex-grow: 0; height: 20px; width: 20px;\"><\/div> <div style=\" width: 0; height: 0; border-top: 2px solid transparent; border-left: 6px solid #f4f4f4; border-bottom: 2px solid transparent; transform: translateX(16px) translateY(-4px) rotate(30deg)\"><\/div><\/div><div style=\"margin-left: auto;\"> <div style=\" width: 0px; border-top: 8px solid #F4F4F4; border-right: 8px solid transparent; transform: translateY(16px);\"><\/div> <div style=\" background-color: #F4F4F4; flex-grow: 0; height: 12px; width: 16px; transform: translateY(-4px);\"><\/div> <div style=\" width: 0; height: 0; border-top: 8px solid #F4F4F4; border-left: 8px solid transparent; transform: translateY(-4px) translateX(8px);\"><\/div><\/div><\/div> <div style=\"display: flex; flex-direction: column; flex-grow: 1; justify-content: center; margin-bottom: 24px;\"> <div style=\" background-color: #F4F4F4; border-radius: 4px; flex-grow: 0; height: 14px; margin-bottom: 6px; width: 224px;\"><\/div> <div style=\" background-color: #F4F4F4; border-radius: 4px; flex-grow: 0; height: 14px; width: 144px;\"><\/div><\/div><\/a><p style=\" color:#c9c8cd; font-family:Arial,sans-serif; font-size:14px; line-height:17px; margin-bottom:0; margin-top:8px; overflow:hidden; padding:8px 0 7px; text-align:center; text-overflow:ellipsis; white-space:nowrap;\"><a href=\"https:\/\/www.instagram.com\/reel\/DBw2akmv0X5\/?utm_source=ig_embed&amp;utm_campaign=loading\" style=\" color:#c9c8cd; font-family:Arial,sans-serif; font-size:14px; font-style:normal; font-weight:normal; line-height:17px; text-decoration:none;\" target=\"_blank\">A post shared by Marcelo Dantas Jacareitv (@jacareitv_oficial)<\/a><\/p><\/div><\/blockquote><script async src=\"\/\/platform.instagram.com\/en_US\/embeds.js\"><\/script>\n<\/div><\/figure>\n","protected":false},"excerpt":{"rendered":"<p>Presidente do Sindicato dos Condutores, alega que a prefeitura n\u00e3o repassou os valores devidos para as empresas<\/p>\n","protected":false},"author":1,"featured_media":3480,"comment_status":"closed","ping_status":"open","sticky":false,"template":"","format":"standard","meta":{"nf_dc_page":"","om_disable_all_campaigns":false,"jetpack_post_was_ever_published":false,"_jetpack_newsletter_access":"","_jetpack_dont_email_post_to_subs":false,"_jetpack_newsletter_tier_id":0,"_jetpack_memberships_contains_paywalled_content":false,"_jetpack_memberships_contains_paid_content":false,"footnotes":"","jetpack_publicize_message":"","jetpack_publicize_feature_enabled":true,"jetpack_social_post_already_shared":true,"jetpack_social_options":{"image_generator_settings":{"template":"highway","default_image_id":0,"font":"","enabled":false},"version":2}},"categories":[313],"tags":[363,360,364,358,206,362,361,359,365,49],"class_list":["post-3479","post","type-post","status-publish","format-standard","has-post-thumbnail","hentry","category-jacarei","tag-atraso-de-repasse","tag-coleta-de-lixo","tag-crise-financeira","tag-greve","tag-jacarei","tag-jtu","tag-prefeitura-de-jacarei","tag-ronaldo-costa","tag-subsidio","tag-transporte-coletivo"],"wppr_data":{"cwp_meta_box_check":"No"},"jetpack_publicize_connections":[],"jetpack_featured_media_url":"https:\/\/i0.wp.com\/blogdomello.com.br\/blog\/wp-content\/uploads\/2024\/10\/image-8.png?fit=340%2C522","jetpack_sharing_enabled":true,"jetpack_shortlink":"https:\/\/wp.me\/p6LMUA-U7","jetpack-related-posts":[{"id":3475,"url":"http:\/\/blogdomello.com.br\/blog\/servidores-sem-vale-medicos-sem-pagamento-crise-financeira-explode-em-jacarei\/","url_meta":{"origin":3479,"position":0},"title":"Servidores sem vale, m\u00e9dicos sem pagamento: crise financeira explode em Jacare\u00ed!","author":"danmello","date":"30\/10\/2024 - 19:38","format":false,"excerpt":"Vereador aponta que d\u00edvida da cidade saltou de R$ 250 milh\u00f5es para R$ 630 milh\u00f5es, em meio a trubul\u00eancia da falta de verba para custeio de servi\u00e7os. Sa\u00fade, limpeza urbana e transporte podem ser impactados.","rel":"","context":"Em &quot;Jacare\u00ed&quot;","block_context":{"text":"Jacare\u00ed","link":"http:\/\/blogdomello.com.br\/blog\/category\/jacarei\/"},"img":{"alt_text":"","src":"https:\/\/i0.wp.com\/blogdomello.com.br\/blog\/wp-content\/uploads\/2024\/10\/image-7.png?fit=903%2C729&resize=350%2C200","width":350,"height":200,"srcset":"https:\/\/i0.wp.com\/blogdomello.com.br\/blog\/wp-content\/uploads\/2024\/10\/image-7.png?fit=903%2C729&resize=350%2C200 1x, https:\/\/i0.wp.com\/blogdomello.com.br\/blog\/wp-content\/uploads\/2024\/10\/image-7.png?fit=903%2C729&resize=525%2C300 1.5x, https:\/\/i0.wp.com\/blogdomello.com.br\/blog\/wp-content\/uploads\/2024\/10\/image-7.png?fit=903%2C729&resize=700%2C400 2x"},"classes":[]},{"id":3426,"url":"http:\/\/blogdomello.com.br\/blog\/perguntar-nao-ofende-prefeito-de-jacarei-e-a-dilma-que-cury-previa\/","url_meta":{"origin":3479,"position":1},"title":"Perguntar, n\u00e3o ofende: Iza\u00edas \u00e9 a \u201cDilma\u201d que Cury previa?","author":"danmello","date":"29\/10\/2024 - 22:37","format":false,"excerpt":"Cury e Emanuel previram a crise em S\u00e3o Jos\u00e9, mas erraram: o verdadeiro drama financeiro explode em Jacare\u00ed, onde Iza\u00edas Santana n\u00e3o deve ter seguido a cartilha da boa gest\u00e3o.","rel":"","context":"Em &quot;Jacare\u00ed&quot;","block_context":{"text":"Jacare\u00ed","link":"http:\/\/blogdomello.com.br\/blog\/category\/jacarei\/"},"img":{"alt_text":"","src":"https:\/\/i0.wp.com\/blogdomello.com.br\/blog\/wp-content\/uploads\/2024\/10\/DILMA-DE-JACAREI.png?fit=1080%2C1080&resize=350%2C200","width":350,"height":200,"srcset":"https:\/\/i0.wp.com\/blogdomello.com.br\/blog\/wp-content\/uploads\/2024\/10\/DILMA-DE-JACAREI.png?fit=1080%2C1080&resize=350%2C200 1x, https:\/\/i0.wp.com\/blogdomello.com.br\/blog\/wp-content\/uploads\/2024\/10\/DILMA-DE-JACAREI.png?fit=1080%2C1080&resize=525%2C300 1.5x, https:\/\/i0.wp.com\/blogdomello.com.br\/blog\/wp-content\/uploads\/2024\/10\/DILMA-DE-JACAREI.png?fit=1080%2C1080&resize=700%2C400 2x, https:\/\/i0.wp.com\/blogdomello.com.br\/blog\/wp-content\/uploads\/2024\/10\/DILMA-DE-JACAREI.png?fit=1080%2C1080&resize=1050%2C600 3x"},"classes":[]},{"id":3488,"url":"http:\/\/blogdomello.com.br\/blog\/prometeu-dinheiro-e-deu-o-calote-nas-empresas-de-onibus\/","url_meta":{"origin":3479,"position":2},"title":"Prometeu dinheiro e deu o &#8220;calote&#8221; nas empresas de \u00f4nibus","author":"danmello","date":"31\/10\/2024 - 12:33","format":false,"excerpt":"Greve explode ap\u00f3s promessa furada! Ser\u00e1 estelionato eleitoral?","rel":"","context":"Em &quot;Jacare\u00ed&quot;","block_context":{"text":"Jacare\u00ed","link":"http:\/\/blogdomello.com.br\/blog\/category\/jacarei\/"},"img":{"alt_text":"","src":"https:\/\/i0.wp.com\/blogdomello.com.br\/blog\/wp-content\/uploads\/2024\/10\/image-9.png?fit=770%2C431&resize=350%2C200","width":350,"height":200,"srcset":"https:\/\/i0.wp.com\/blogdomello.com.br\/blog\/wp-content\/uploads\/2024\/10\/image-9.png?fit=770%2C431&resize=350%2C200 1x, https:\/\/i0.wp.com\/blogdomello.com.br\/blog\/wp-content\/uploads\/2024\/10\/image-9.png?fit=770%2C431&resize=525%2C300 1.5x, https:\/\/i0.wp.com\/blogdomello.com.br\/blog\/wp-content\/uploads\/2024\/10\/image-9.png?fit=770%2C431&resize=700%2C400 2x"},"classes":[]},{"id":3521,"url":"http:\/\/blogdomello.com.br\/blog\/gramado-prefeitura-e-time-imaturo-as-desculpas-do-sao-jose-para-abandonar-a-copinha\/","url_meta":{"origin":3479,"position":3},"title":"Gramado, Prefeitura e &#8216;Time Imaturo&#8217;: As desculpas do S\u00e3o Jos\u00e9 para abandonar a Copinha","author":"danmello","date":"22\/09\/2025 - 23:47","format":false,"excerpt":"A hist\u00f3ria por tr\u00e1s da aus\u00eancia na Copinha \ud83d\udd0e","rel":"","context":"Em &quot;Sem categoria&quot;","block_context":{"text":"Sem categoria","link":"http:\/\/blogdomello.com.br\/blog\/category\/sem-categoria\/"},"img":{"alt_text":"","src":"https:\/\/i0.wp.com\/blogdomello.com.br\/blog\/wp-content\/uploads\/2025\/09\/IMG_4921-2048x1365-1.webp?fit=1200%2C800&resize=350%2C200","width":350,"height":200,"srcset":"https:\/\/i0.wp.com\/blogdomello.com.br\/blog\/wp-content\/uploads\/2025\/09\/IMG_4921-2048x1365-1.webp?fit=1200%2C800&resize=350%2C200 1x, https:\/\/i0.wp.com\/blogdomello.com.br\/blog\/wp-content\/uploads\/2025\/09\/IMG_4921-2048x1365-1.webp?fit=1200%2C800&resize=525%2C300 1.5x, https:\/\/i0.wp.com\/blogdomello.com.br\/blog\/wp-content\/uploads\/2025\/09\/IMG_4921-2048x1365-1.webp?fit=1200%2C800&resize=700%2C400 2x, https:\/\/i0.wp.com\/blogdomello.com.br\/blog\/wp-content\/uploads\/2025\/09\/IMG_4921-2048x1365-1.webp?fit=1200%2C800&resize=1050%2C600 3x"},"classes":[]},{"id":3545,"url":"http:\/\/blogdomello.com.br\/blog\/felicio-com-renata-ao-mdb\/","url_meta":{"origin":3479,"position":4},"title":"Felicio com Renata no MDB","author":"danmello","date":"31\/03\/2026 - 07:45","format":false,"excerpt":"Renata Paiva anunciou na noite desta segunda-feira (30) sua sa\u00edda do PSD e filia\u00e7\u00e3o ao MDB. O an\u00fancio foi feito ao lado do presidente nacional do partido, Baleia Rossi, e marca uma virada na trajet\u00f3ria pol\u00edtica da pr\u00e9-candidata a deputada federal por S\u00e3o Jos\u00e9 dos Campos. Felicio puxa a fila\u2026","rel":"","context":"Em &quot;Elei\u00e7\u00f5es 2026&quot;","block_context":{"text":"Elei\u00e7\u00f5es 2026","link":"http:\/\/blogdomello.com.br\/blog\/category\/eleicoes-2026\/"},"img":{"alt_text":"","src":"https:\/\/i0.wp.com\/blogdomello.com.br\/blog\/wp-content\/uploads\/2026\/03\/Captura-de-Tela-2026-03-31-as-07.40.47-edited.png?resize=350%2C200&ssl=1","width":350,"height":200},"classes":[]},{"id":3416,"url":"http:\/\/blogdomello.com.br\/blog\/kassab-e-lider-e-leal-ao-tarcisio-nao-atua-como-dono-de-partido-diz-anderson-ao-estadao\/","url_meta":{"origin":3479,"position":5},"title":"&#8220;Kassab \u00e9 l\u00edder e leal ao Tarc\u00edsio, n\u00e3o atua como dono de partido&#8221;, diz Anderson ao Estad\u00e3o","author":"danmello","date":"29\/10\/2024 - 07:24","format":false,"excerpt":"O prefeito reeleito Anderson Farias destacou a import\u00e2ncia do PSD e desacartou rivalidade com o PL em n\u00edvel estadual.","rel":"","context":"Em &quot;Elei\u00e7\u00f5es 2024&quot;","block_context":{"text":"Elei\u00e7\u00f5es 2024","link":"http:\/\/blogdomello.com.br\/blog\/category\/eleicoes-2024\/"},"img":{"alt_text":"","src":"https:\/\/i0.wp.com\/blogdomello.com.br\/blog\/wp-content\/uploads\/2024\/10\/Captura-de-tela-2024-10-29-071912.png?fit=881%2C478&resize=350%2C200","width":350,"height":200,"srcset":"https:\/\/i0.wp.com\/blogdomello.com.br\/blog\/wp-content\/uploads\/2024\/10\/Captura-de-tela-2024-10-29-071912.png?fit=881%2C478&resize=350%2C200 1x, https:\/\/i0.wp.com\/blogdomello.com.br\/blog\/wp-content\/uploads\/2024\/10\/Captura-de-tela-2024-10-29-071912.png?fit=881%2C478&resize=525%2C300 1.5x, https:\/\/i0.wp.com\/blogdomello.com.br\/blog\/wp-content\/uploads\/2024\/10\/Captura-de-tela-2024-10-29-071912.png?fit=881%2C478&resize=700%2C400 2x"},"classes":[]}],"jetpack_likes_enabled":false,"_links":{"self":[{"href":"http:\/\/blogdomello.com.br\/blog\/wp-json\/wp\/v2\/posts\/3479","targetHints":{"allow":["GET"]}}],"collection":[{"href":"http:\/\/blogdomello.com.br\/blog\/wp-json\/wp\/v2\/posts"}],"about":[{"href":"http:\/\/blogdomello.com.br\/blog\/wp-json\/wp\/v2\/types\/post"}],"author":[{"embeddable":true,"href":"http:\/\/blogdomello.com.br\/blog\/wp-json\/wp\/v2\/users\/1"}],"replies":[{"embeddable":true,"href":"http:\/\/blogdomello.com.br\/blog\/wp-json\/wp\/v2\/comments?post=3479"}],"version-history":[{"count":2,"href":"http:\/\/blogdomello.com.br\/blog\/wp-json\/wp\/v2\/posts\/3479\/revisions"}],"predecessor-version":[{"id":3487,"href":"http:\/\/blogdomello.com.br\/blog\/wp-json\/wp\/v2\/posts\/3479\/revisions\/3487"}],"wp:featuredmedia":[{"embeddable":true,"href":"http:\/\/blogdomello.com.br\/blog\/wp-json\/wp\/v2\/media\/3480"}],"wp:attachment":[{"href":"http:\/\/blogdomello.com.br\/blog\/wp-json\/wp\/v2\/media?parent=3479"}],"wp:term":[{"taxonomy":"category","embeddable":true,"href":"http:\/\/blogdomello.com.br\/blog\/wp-json\/wp\/v2\/categories?post=3479"},{"taxonomy":"post_tag","embeddable":true,"href":"http:\/\/blogdomello.com.br\/blog\/wp-json\/wp\/v2\/tags?post=3479"}],"curies":[{"name":"wp","href":"https:\/\/api.w.org\/{rel}","templated":true}]}}