{"id":3451,"date":"2024-10-30T06:52:59","date_gmt":"2024-10-30T09:52:59","guid":{"rendered":"https:\/\/blogdomello.com.br\/blog\/?p=3451"},"modified":"2024-10-30T07:12:40","modified_gmt":"2024-10-30T10:12:40","slug":"lideres-de-pl-e-psdb-se-apressam-em-nota-de-oposicao-vereadores-ainda-devem-conversar","status":"publish","type":"post","link":"http:\/\/blogdomello.com.br\/blog\/lideres-de-pl-e-psdb-se-apressam-em-nota-de-oposicao-vereadores-ainda-devem-conversar\/","title":{"rendered":"L\u00edderes de PL e PSDB se apressam em nota de oposi\u00e7\u00e3o, vereadores ainda devem conversar"},"content":{"rendered":"\n<p class=\"\"><strong><em>Sob anonimato, dois vereadores temem assumir oposi\u00e7\u00e3o aberta, segundo OVale<\/em><\/strong><\/p>\n\n\n\n<hr class=\"wp-block-separator has-alpha-channel-opacity\"\/>\n\n\n\n<figure class=\"wp-block-image size-large is-resized\"><img data-recalc-dims=\"1\" loading=\"lazy\" decoding=\"async\" width=\"968\" height=\"544\" data-attachment-id=\"3453\" data-permalink=\"http:\/\/blogdomello.com.br\/blog\/image-17\/\" data-orig-file=\"https:\/\/i0.wp.com\/blogdomello.com.br\/blog\/wp-content\/uploads\/2024\/10\/image-4-edited.png?fit=968%2C544\" data-orig-size=\"968,544\" data-comments-opened=\"0\" data-image-meta=\"{&quot;aperture&quot;:&quot;0&quot;,&quot;credit&quot;:&quot;&quot;,&quot;camera&quot;:&quot;&quot;,&quot;caption&quot;:&quot;&quot;,&quot;created_timestamp&quot;:&quot;0&quot;,&quot;copyright&quot;:&quot;&quot;,&quot;focal_length&quot;:&quot;0&quot;,&quot;iso&quot;:&quot;0&quot;,&quot;shutter_speed&quot;:&quot;0&quot;,&quot;title&quot;:&quot;&quot;,&quot;orientation&quot;:&quot;0&quot;}\" data-image-title=\"image\" data-image-description=\"\" data-image-caption=\"\" data-large-file=\"https:\/\/i0.wp.com\/blogdomello.com.br\/blog\/wp-content\/uploads\/2024\/10\/image-4-edited.png?fit=968%2C544\" src=\"https:\/\/i0.wp.com\/blogdomello.com.br\/blog\/wp-content\/uploads\/2024\/10\/image-4-edited.png?resize=968%2C544&#038;ssl=1\" alt=\"\" class=\"wp-image-3453\" style=\"width:1072px;height:auto\" srcset=\"https:\/\/i0.wp.com\/blogdomello.com.br\/blog\/wp-content\/uploads\/2024\/10\/image-4-edited.png?w=968 968w, https:\/\/i0.wp.com\/blogdomello.com.br\/blog\/wp-content\/uploads\/2024\/10\/image-4-edited.png?resize=300%2C169 300w, https:\/\/i0.wp.com\/blogdomello.com.br\/blog\/wp-content\/uploads\/2024\/10\/image-4-edited.png?resize=768%2C432 768w, https:\/\/i0.wp.com\/blogdomello.com.br\/blog\/wp-content\/uploads\/2024\/10\/image-4-edited.png?resize=50%2C28 50w\" sizes=\"auto, (max-width: 968px) 100vw, 968px\" \/><\/figure>\n\n\n\n<p class=\"\"><em>O andar de cima, \u00e9 diferente de quem tem que fazer leis e prestar contas ao eleitor no dia a dia (Foto: Divulga\u00e7\u00e3o\/PSDB)<\/em><\/p>\n\n\n\n<p class=\"\"><strong>O PL e o PSDB anunciaram uma \u201coposi\u00e7\u00e3o construtiva\u201d contra o prefeito Anderson Farias<\/strong>, em nota assinada pelo presidente do PL, o candidato derrotado a prefeito Eduardo Cury e o presidente da Federera\u00e7\u00e3o PSDB\/Cidadania Jos\u00e9 Dimas Pereira. <\/p>\n\n\n\n<p class=\"\">Mas ser\u00e1 que a turma vai topar seguir fielmente essa orienta\u00e7\u00e3o? Bom, at\u00e9 agora, nada certo: <em>vereador diz que vai, vereador diz que fica \u201cindependente\u201d, vereador diz que tem medo.<\/em> <strong>A bate\u00e7\u00e3o de cabe\u00e7a foi retratada pela reportagem de OVale.<\/strong><\/p>\n\n\n\n<p class=\"\">Sob anonimato, vereadores demonstraram o medo de perder votos, o que pode fazer a tal oposi\u00e7\u00e3o ser s\u00f3 o nome. <strong>Afinal de contas, a luta para chegar l\u00e1, n\u00e3o \u00e9 f\u00e1cil<\/strong>.<\/p>\n\n\n\n<p class=\"\">Em resumo: <strong>ningu\u00e9m sabe se a \u201coposi\u00e7\u00e3o\u201d de Cury vai se sustentar<\/strong> ou se isso tudo vai se amenizar com o tempo entre os vereadores e o governo. C&#xfe0f;ury n\u00e3o tem hist\u00f3rico de acompanhar a pol\u00edtica da cidade e <em>deve voltar \u00e0 Bras\u00edlia em breve<\/em>, afinal, segundo o Bolsonaro ele \u00e9 &#8220;peixe do Marinho&#8221;. <strong>Dizer que \u00e9 oposi\u00e7\u00e3o \u00e9 uma das estrat\u00e9gias para se manter em evid\u00eancia at\u00e9 as elei\u00e7\u00f5es de 2026. <\/strong><\/p>\n\n\n\n<p class=\"\">O prefeito Anderson tem hist\u00f3rico de bom di\u00e1logo e tr\u00e2nsito pol\u00edtico. Vai continuar o seu trabalho.<\/p>\n\n\n\n<p class=\"\"><em>Veja a not\u00edcia em:<\/em> <a href=\"https:\/\/sampi.net.br\/ovale\/noticias\/2865064\/vale-do-paraiba\/2024\/10\/camara-pl-e-psdb-anunciam-oposicao-uniao-ainda-nao-definiu\">https:\/\/sampi.net.br\/ovale\/noticias\/2865064\/vale-do-paraiba\/2024\/10\/camara-pl-e-psdb-anunciam-oposicao-uniao-ainda-nao-definiu<\/a><\/p>\n\n\n\n<p class=\"\"><\/p>\n","protected":false},"excerpt":{"rendered":"<p>Vereadores hesitam em adotar uma oposi\u00e7\u00e3o clara ao prefeito Anderson Farias, revelando que a oposi\u00e7\u00e3o pode n\u00e3o ser do tamanho que os caciques falam.<\/p>\n","protected":false},"author":1,"featured_media":3453,"comment_status":"closed","ping_status":"open","sticky":false,"template":"","format":"standard","meta":{"nf_dc_page":"","om_disable_all_campaigns":false,"jetpack_post_was_ever_published":false,"_jetpack_newsletter_access":"","_jetpack_dont_email_post_to_subs":false,"_jetpack_newsletter_tier_id":0,"_jetpack_memberships_contains_paywalled_content":false,"_jetpack_memberships_contains_paid_content":false,"footnotes":"","jetpack_publicize_message":"","jetpack_publicize_feature_enabled":true,"jetpack_social_post_already_shared":true,"jetpack_social_options":{"image_generator_settings":{"template":"highway","default_image_id":0,"font":"","enabled":false},"version":2}},"categories":[7],"tags":[54,357,62,356,352,57],"class_list":["post-3451","post","type-post","status-publish","format-standard","has-post-thumbnail","hentry","category-cidade","tag-anderson-farias","tag-cidadania","tag-eduardo-cury","tag-oposicao","tag-pl","tag-psdb"],"wppr_data":{"cwp_meta_box_check":"No"},"jetpack_publicize_connections":[],"jetpack_featured_media_url":"https:\/\/i0.wp.com\/blogdomello.com.br\/blog\/wp-content\/uploads\/2024\/10\/image-4-edited.png?fit=968%2C544","jetpack_sharing_enabled":true,"jetpack_shortlink":"https:\/\/wp.me\/p6LMUA-TF","jetpack-related-posts":[{"id":3416,"url":"http:\/\/blogdomello.com.br\/blog\/kassab-e-lider-e-leal-ao-tarcisio-nao-atua-como-dono-de-partido-diz-anderson-ao-estadao\/","url_meta":{"origin":3451,"position":0},"title":"&#8220;Kassab \u00e9 l\u00edder e leal ao Tarc\u00edsio, n\u00e3o atua como dono de partido&#8221;, diz Anderson ao Estad\u00e3o","author":"danmello","date":"29\/10\/2024 - 07:24","format":false,"excerpt":"O prefeito reeleito Anderson Farias destacou a import\u00e2ncia do PSD e desacartou rivalidade com o PL em n\u00edvel estadual.","rel":"","context":"Em &quot;Elei\u00e7\u00f5es 2024&quot;","block_context":{"text":"Elei\u00e7\u00f5es 2024","link":"http:\/\/blogdomello.com.br\/blog\/category\/eleicoes-2024\/"},"img":{"alt_text":"","src":"https:\/\/i0.wp.com\/blogdomello.com.br\/blog\/wp-content\/uploads\/2024\/10\/Captura-de-tela-2024-10-29-071912.png?fit=881%2C478&resize=350%2C200","width":350,"height":200,"srcset":"https:\/\/i0.wp.com\/blogdomello.com.br\/blog\/wp-content\/uploads\/2024\/10\/Captura-de-tela-2024-10-29-071912.png?fit=881%2C478&resize=350%2C200 1x, https:\/\/i0.wp.com\/blogdomello.com.br\/blog\/wp-content\/uploads\/2024\/10\/Captura-de-tela-2024-10-29-071912.png?fit=881%2C478&resize=525%2C300 1.5x, https:\/\/i0.wp.com\/blogdomello.com.br\/blog\/wp-content\/uploads\/2024\/10\/Captura-de-tela-2024-10-29-071912.png?fit=881%2C478&resize=700%2C400 2x"},"classes":[]},{"id":3388,"url":"http:\/\/blogdomello.com.br\/blog\/com-que-salto-eu-vou\/","url_meta":{"origin":3451,"position":1},"title":"Com que salto eu vou?","author":"danmello","date":"28\/10\/2024 - 14:29","format":false,"excerpt":"A escolha parecia simples para Eduardo Cury, nas elei\u00e7\u00f5es de 2024: o \"sapato velho de Salto 45\", ou \u201csapato de grife novo de Salto 22\u201d. Anderson venceu a elei\u00e7\u00e3o de forma merecida, que reflete a avalia\u00e7\u00e3o do seu governo. O joseense quer trabalho! Mas vamos falar do advers\u00e1rio, no day\u2026","rel":"","context":"Em &quot;Cidade&quot;","block_context":{"text":"Cidade","link":"http:\/\/blogdomello.com.br\/blog\/category\/cidade\/"},"img":{"alt_text":"","src":"https:\/\/i0.wp.com\/blogdomello.com.br\/blog\/wp-content\/uploads\/2024\/10\/1e3325ec-0787-4781-bac5-0ebf608bacee.jpeg?fit=1024%2C1024&resize=350%2C200","width":350,"height":200,"srcset":"https:\/\/i0.wp.com\/blogdomello.com.br\/blog\/wp-content\/uploads\/2024\/10\/1e3325ec-0787-4781-bac5-0ebf608bacee.jpeg?fit=1024%2C1024&resize=350%2C200 1x, https:\/\/i0.wp.com\/blogdomello.com.br\/blog\/wp-content\/uploads\/2024\/10\/1e3325ec-0787-4781-bac5-0ebf608bacee.jpeg?fit=1024%2C1024&resize=525%2C300 1.5x, https:\/\/i0.wp.com\/blogdomello.com.br\/blog\/wp-content\/uploads\/2024\/10\/1e3325ec-0787-4781-bac5-0ebf608bacee.jpeg?fit=1024%2C1024&resize=700%2C400 2x"},"classes":[]},{"id":3426,"url":"http:\/\/blogdomello.com.br\/blog\/perguntar-nao-ofende-prefeito-de-jacarei-e-a-dilma-que-cury-previa\/","url_meta":{"origin":3451,"position":2},"title":"Perguntar, n\u00e3o ofende: Iza\u00edas \u00e9 a \u201cDilma\u201d que Cury previa?","author":"danmello","date":"29\/10\/2024 - 22:37","format":false,"excerpt":"Cury e Emanuel previram a crise em S\u00e3o Jos\u00e9, mas erraram: o verdadeiro drama financeiro explode em Jacare\u00ed, onde Iza\u00edas Santana n\u00e3o deve ter seguido a cartilha da boa gest\u00e3o.","rel":"","context":"Em &quot;Jacare\u00ed&quot;","block_context":{"text":"Jacare\u00ed","link":"http:\/\/blogdomello.com.br\/blog\/category\/jacarei\/"},"img":{"alt_text":"","src":"https:\/\/i0.wp.com\/blogdomello.com.br\/blog\/wp-content\/uploads\/2024\/10\/DILMA-DE-JACAREI.png?fit=1080%2C1080&resize=350%2C200","width":350,"height":200,"srcset":"https:\/\/i0.wp.com\/blogdomello.com.br\/blog\/wp-content\/uploads\/2024\/10\/DILMA-DE-JACAREI.png?fit=1080%2C1080&resize=350%2C200 1x, https:\/\/i0.wp.com\/blogdomello.com.br\/blog\/wp-content\/uploads\/2024\/10\/DILMA-DE-JACAREI.png?fit=1080%2C1080&resize=525%2C300 1.5x, https:\/\/i0.wp.com\/blogdomello.com.br\/blog\/wp-content\/uploads\/2024\/10\/DILMA-DE-JACAREI.png?fit=1080%2C1080&resize=700%2C400 2x, https:\/\/i0.wp.com\/blogdomello.com.br\/blog\/wp-content\/uploads\/2024\/10\/DILMA-DE-JACAREI.png?fit=1080%2C1080&resize=1050%2C600 3x"},"classes":[]},{"id":3492,"url":"http:\/\/blogdomello.com.br\/blog\/posicoes-invertidas-em-2025-ortiz-na-alesp-e-sergio-victor-no-bom-conselho\/","url_meta":{"origin":3451,"position":3},"title":"Posi\u00e7\u00f5es invertidas em 2025? Ortiz na ALESP e S\u00e9rgio Victor no Bom Conselho","author":"danmello","date":"31\/10\/2024 - 12:17","format":false,"excerpt":"Invers\u00e3o de pap\u00e9is pode acontecer! Ortiz deve assumir vaga de deputado estadual na Alesp em 2025, enquanto S\u00e9rgio comanda Taubat\u00e9 como prefeito.","rel":"","context":"Em &quot;Taubat\u00e9&quot;","block_context":{"text":"Taubat\u00e9","link":"http:\/\/blogdomello.com.br\/blog\/category\/taubate\/"},"img":{"alt_text":"","src":"https:\/\/i0.wp.com\/blogdomello.com.br\/blog\/wp-content\/uploads\/2024\/10\/image-10.png?fit=850%2C566&resize=350%2C200","width":350,"height":200,"srcset":"https:\/\/i0.wp.com\/blogdomello.com.br\/blog\/wp-content\/uploads\/2024\/10\/image-10.png?fit=850%2C566&resize=350%2C200 1x, https:\/\/i0.wp.com\/blogdomello.com.br\/blog\/wp-content\/uploads\/2024\/10\/image-10.png?fit=850%2C566&resize=525%2C300 1.5x, https:\/\/i0.wp.com\/blogdomello.com.br\/blog\/wp-content\/uploads\/2024\/10\/image-10.png?fit=850%2C566&resize=700%2C400 2x"},"classes":[]},{"id":3535,"url":"http:\/\/blogdomello.com.br\/blog\/dulce-desiste-de-brasilia\/","url_meta":{"origin":3451,"position":4},"title":"Dulce desiste de Bras\u00edlia","author":"danmello","date":"31\/03\/2026 - 07:27","format":false,"excerpt":"Past\u00e9is, feira e pol\u00edtica: j\u00e1 come\u00e7ou a campanha eleitoral em S\u00e3o Jos\u00e9","rel":"","context":"Em &quot;Elei\u00e7\u00f5es 2026&quot;","block_context":{"text":"Elei\u00e7\u00f5es 2026","link":"http:\/\/blogdomello.com.br\/blog\/category\/eleicoes-2026\/"},"img":{"alt_text":"","src":"https:\/\/i0.wp.com\/blogdomello.com.br\/blog\/wp-content\/uploads\/2026\/03\/image-edited-1.png?fit=886%2C498&resize=350%2C200","width":350,"height":200,"srcset":"https:\/\/i0.wp.com\/blogdomello.com.br\/blog\/wp-content\/uploads\/2026\/03\/image-edited-1.png?fit=886%2C498&resize=350%2C200 1x, https:\/\/i0.wp.com\/blogdomello.com.br\/blog\/wp-content\/uploads\/2026\/03\/image-edited-1.png?fit=886%2C498&resize=525%2C300 1.5x, https:\/\/i0.wp.com\/blogdomello.com.br\/blog\/wp-content\/uploads\/2026\/03\/image-edited-1.png?fit=886%2C498&resize=700%2C400 2x"},"classes":[]},{"id":3406,"url":"http:\/\/blogdomello.com.br\/blog\/cury-ve-vantagem-de-anderson-aumentar-no-2o-turno\/","url_meta":{"origin":3451,"position":5},"title":"Cury v\u00ea vantagem de Anderson aumentar no 2\u00ba turno","author":"danmello","date":"28\/10\/2024 - 17:48","format":false,"excerpt":"Anderson ampliou diferen\u00e7a em pelo menos 10% do que tinha conquistado em primeiro turno Em apenas 20 dias de campanha, Anderson conseguiu aumentar sua vantagem para 55.687 votos em rela\u00e7\u00e3o a Eduardo Cury. Assim, a diferen\u00e7a aumentou em 5.573 votos. Mesmo com um esfor\u00e7o adicional dos aliados de \u00faltima hora,\u2026","rel":"","context":"Em &quot;Elei\u00e7\u00f5es 2024&quot;","block_context":{"text":"Elei\u00e7\u00f5es 2024","link":"http:\/\/blogdomello.com.br\/blog\/category\/eleicoes-2024\/"},"img":{"alt_text":"","src":"https:\/\/i0.wp.com\/blogdomello.com.br\/blog\/wp-content\/uploads\/2024\/10\/ANDERSON-FESTA-VITORIA-PSD-DIVULG-8-768x512-1.jpg?fit=768%2C512&resize=350%2C200","width":350,"height":200,"srcset":"https:\/\/i0.wp.com\/blogdomello.com.br\/blog\/wp-content\/uploads\/2024\/10\/ANDERSON-FESTA-VITORIA-PSD-DIVULG-8-768x512-1.jpg?fit=768%2C512&resize=350%2C200 1x, https:\/\/i0.wp.com\/blogdomello.com.br\/blog\/wp-content\/uploads\/2024\/10\/ANDERSON-FESTA-VITORIA-PSD-DIVULG-8-768x512-1.jpg?fit=768%2C512&resize=525%2C300 1.5x, https:\/\/i0.wp.com\/blogdomello.com.br\/blog\/wp-content\/uploads\/2024\/10\/ANDERSON-FESTA-VITORIA-PSD-DIVULG-8-768x512-1.jpg?fit=768%2C512&resize=700%2C400 2x"},"classes":[]}],"jetpack_likes_enabled":false,"_links":{"self":[{"href":"http:\/\/blogdomello.com.br\/blog\/wp-json\/wp\/v2\/posts\/3451","targetHints":{"allow":["GET"]}}],"collection":[{"href":"http:\/\/blogdomello.com.br\/blog\/wp-json\/wp\/v2\/posts"}],"about":[{"href":"http:\/\/blogdomello.com.br\/blog\/wp-json\/wp\/v2\/types\/post"}],"author":[{"embeddable":true,"href":"http:\/\/blogdomello.com.br\/blog\/wp-json\/wp\/v2\/users\/1"}],"replies":[{"embeddable":true,"href":"http:\/\/blogdomello.com.br\/blog\/wp-json\/wp\/v2\/comments?post=3451"}],"version-history":[{"count":4,"href":"http:\/\/blogdomello.com.br\/blog\/wp-json\/wp\/v2\/posts\/3451\/revisions"}],"predecessor-version":[{"id":3457,"href":"http:\/\/blogdomello.com.br\/blog\/wp-json\/wp\/v2\/posts\/3451\/revisions\/3457"}],"wp:featuredmedia":[{"embeddable":true,"href":"http:\/\/blogdomello.com.br\/blog\/wp-json\/wp\/v2\/media\/3453"}],"wp:attachment":[{"href":"http:\/\/blogdomello.com.br\/blog\/wp-json\/wp\/v2\/media?parent=3451"}],"wp:term":[{"taxonomy":"category","embeddable":true,"href":"http:\/\/blogdomello.com.br\/blog\/wp-json\/wp\/v2\/categories?post=3451"},{"taxonomy":"post_tag","embeddable":true,"href":"http:\/\/blogdomello.com.br\/blog\/wp-json\/wp\/v2\/tags?post=3451"}],"curies":[{"name":"wp","href":"https:\/\/api.w.org\/{rel}","templated":true}]}}