{"id":3435,"date":"2024-10-29T23:31:07","date_gmt":"2024-10-30T02:31:07","guid":{"rendered":"https:\/\/blogdomello.com.br\/blog\/?p=3435"},"modified":"2024-10-30T06:05:20","modified_gmt":"2024-10-30T09:05:20","slug":"cachorro-quente-e-justica-so-pode-ser-vitoria-da-dona-neusa","status":"publish","type":"post","link":"http:\/\/blogdomello.com.br\/blog\/cachorro-quente-e-justica-so-pode-ser-vitoria-da-dona-neusa\/","title":{"rendered":"Cachorro quente e justi\u00e7a: s\u00f3 pode ser vit\u00f3ria da Dona Neusa!"},"content":{"rendered":"\n<p><strong><em>Comerciante relatou durante a campanha eleitoral a persegui\u00e7\u00e3o que sofreu do Cury. Foi perseguida novamente!<\/em><\/strong><\/p>\n\n\n\n<figure class=\"wp-block-image size-full is-resized\"><img data-recalc-dims=\"1\" loading=\"lazy\" decoding=\"async\" width=\"640\" height=\"428\" data-attachment-id=\"3436\" data-permalink=\"http:\/\/blogdomello.com.br\/blog\/cachorro-quente-e-justica-so-pode-ser-vitoria-da-dona-neusa\/image-14\/\" data-orig-file=\"https:\/\/i0.wp.com\/blogdomello.com.br\/blog\/wp-content\/uploads\/2024\/10\/image-2.png?fit=640%2C428\" data-orig-size=\"640,428\" data-comments-opened=\"0\" data-image-meta=\"{&quot;aperture&quot;:&quot;0&quot;,&quot;credit&quot;:&quot;&quot;,&quot;camera&quot;:&quot;&quot;,&quot;caption&quot;:&quot;&quot;,&quot;created_timestamp&quot;:&quot;0&quot;,&quot;copyright&quot;:&quot;&quot;,&quot;focal_length&quot;:&quot;0&quot;,&quot;iso&quot;:&quot;0&quot;,&quot;shutter_speed&quot;:&quot;0&quot;,&quot;title&quot;:&quot;&quot;,&quot;orientation&quot;:&quot;0&quot;}\" data-image-title=\"image\" data-image-description=\"\" data-image-caption=\"\" data-large-file=\"https:\/\/i0.wp.com\/blogdomello.com.br\/blog\/wp-content\/uploads\/2024\/10\/image-2.png?fit=640%2C428\" src=\"https:\/\/i0.wp.com\/blogdomello.com.br\/blog\/wp-content\/uploads\/2024\/10\/image-2.png?resize=640%2C428&#038;ssl=1\" alt=\"\" class=\"wp-image-3436\" style=\"width:710px;height:auto\" srcset=\"https:\/\/i0.wp.com\/blogdomello.com.br\/blog\/wp-content\/uploads\/2024\/10\/image-2.png?w=640 640w, https:\/\/i0.wp.com\/blogdomello.com.br\/blog\/wp-content\/uploads\/2024\/10\/image-2.png?resize=300%2C201 300w, https:\/\/i0.wp.com\/blogdomello.com.br\/blog\/wp-content\/uploads\/2024\/10\/image-2.png?resize=50%2C33 50w\" sizes=\"auto, (max-width: 640px) 100vw, 640px\" \/><\/figure>\n\n\n\n<p>Neusa em sua barraca de cachorro quente (Foto: S\u00e3o Jos\u00e9 dos Campos Antigamente\/Reprodu\u00e7\u00e3o Internet)<\/p>\n\n\n\n<p><\/p>\n\n\n\n<p><strong>Eduardo Cury<\/strong>, que contestou a forma como foi divulgado o depoimento da <strong>Dona Neusa<\/strong> durante a campanha eleitoral, <strong>perdeu na justi\u00e7a eleitoral<\/strong>. A mulher, famosa por seu cachorro-quente, passou pela \u00faltima persegui\u00e7\u00e3o do ex-candidato e ex-prefeito.<\/p>\n\n\n\n<p>Dona Neusa, durante seu depoimento, <strong>relatou a persegui\u00e7\u00e3o ao seu com\u00e9rcio<\/strong> enquanto Cury era prefeito. Em primeira inst\u00e2ncia, <strong>Neusa<\/strong> teria que pagar R$ 5 mil, sob a alega\u00e7\u00e3o de que o perfil utilizado era de pessoa jur\u00eddica, o que seria vedado pela legisla\u00e7\u00e3o eleitoral.<\/p>\n\n\n\n<p>A alega\u00e7\u00e3o acabou caindo no recurso, pois o candidato derrotado presumiu que o perfil do Instagram era de uma empresa. <strong>A relatora recha\u00e7ou a hip\u00f3tese em segunda inst\u00e2ncia<\/strong>.<\/p>\n\n\n\n<p><strong>Fica a pergunta:<\/strong> vale tudo mesmo para perseguir em uma elei\u00e7\u00e3o?<\/p>\n","protected":false},"excerpt":{"rendered":"<p>Dona Neusa, famosa por seu cachorro-quente, enfrentou mais uma vez a persegui\u00e7\u00e3o do ex-prefeito Eduardo Cury.<\/p>\n","protected":false},"author":1,"featured_media":3436,"comment_status":"closed","ping_status":"open","sticky":false,"template":"","format":"standard","meta":{"nf_dc_page":"","om_disable_all_campaigns":false,"jetpack_post_was_ever_published":false,"_jetpack_newsletter_access":"","_jetpack_dont_email_post_to_subs":false,"_jetpack_newsletter_tier_id":0,"_jetpack_memberships_contains_paywalled_content":false,"_jetpack_memberships_contains_paid_content":false,"footnotes":"","jetpack_publicize_message":"","jetpack_publicize_feature_enabled":true,"jetpack_social_post_already_shared":true,"jetpack_social_options":{"image_generator_settings":{"template":"highway","default_image_id":0,"font":"","enabled":false},"version":2}},"categories":[353],"tags":[355,62,350],"class_list":["post-3435","post","type-post","status-publish","format-standard","has-post-thumbnail","hentry","category-eleicoes-2024","tag-dona-neuza","tag-eduardo-cury","tag-eleicao-2024"],"wppr_data":{"cwp_meta_box_check":"No"},"jetpack_publicize_connections":[],"jetpack_featured_media_url":"https:\/\/i0.wp.com\/blogdomello.com.br\/blog\/wp-content\/uploads\/2024\/10\/image-2.png?fit=640%2C428","jetpack_sharing_enabled":true,"jetpack_shortlink":"https:\/\/wp.me\/p6LMUA-Tp","jetpack-related-posts":[{"id":3426,"url":"http:\/\/blogdomello.com.br\/blog\/perguntar-nao-ofende-prefeito-de-jacarei-e-a-dilma-que-cury-previa\/","url_meta":{"origin":3435,"position":0},"title":"Perguntar, n\u00e3o ofende: Iza\u00edas \u00e9 a \u201cDilma\u201d que Cury previa?","author":"danmello","date":"29\/10\/2024 - 22:37","format":false,"excerpt":"Cury e Emanuel previram a crise em S\u00e3o Jos\u00e9, mas erraram: o verdadeiro drama financeiro explode em Jacare\u00ed, onde Iza\u00edas Santana n\u00e3o deve ter seguido a cartilha da boa gest\u00e3o.","rel":"","context":"Em &quot;Jacare\u00ed&quot;","block_context":{"text":"Jacare\u00ed","link":"http:\/\/blogdomello.com.br\/blog\/category\/jacarei\/"},"img":{"alt_text":"","src":"https:\/\/i0.wp.com\/blogdomello.com.br\/blog\/wp-content\/uploads\/2024\/10\/DILMA-DE-JACAREI.png?fit=1080%2C1080&resize=350%2C200","width":350,"height":200,"srcset":"https:\/\/i0.wp.com\/blogdomello.com.br\/blog\/wp-content\/uploads\/2024\/10\/DILMA-DE-JACAREI.png?fit=1080%2C1080&resize=350%2C200 1x, https:\/\/i0.wp.com\/blogdomello.com.br\/blog\/wp-content\/uploads\/2024\/10\/DILMA-DE-JACAREI.png?fit=1080%2C1080&resize=525%2C300 1.5x, https:\/\/i0.wp.com\/blogdomello.com.br\/blog\/wp-content\/uploads\/2024\/10\/DILMA-DE-JACAREI.png?fit=1080%2C1080&resize=700%2C400 2x, https:\/\/i0.wp.com\/blogdomello.com.br\/blog\/wp-content\/uploads\/2024\/10\/DILMA-DE-JACAREI.png?fit=1080%2C1080&resize=1050%2C600 3x"},"classes":[]},{"id":3388,"url":"http:\/\/blogdomello.com.br\/blog\/com-que-salto-eu-vou\/","url_meta":{"origin":3435,"position":1},"title":"Com que salto eu vou?","author":"danmello","date":"28\/10\/2024 - 14:29","format":false,"excerpt":"A escolha parecia simples para Eduardo Cury, nas elei\u00e7\u00f5es de 2024: o \"sapato velho de Salto 45\", ou \u201csapato de grife novo de Salto 22\u201d. Anderson venceu a elei\u00e7\u00e3o de forma merecida, que reflete a avalia\u00e7\u00e3o do seu governo. O joseense quer trabalho! Mas vamos falar do advers\u00e1rio, no day\u2026","rel":"","context":"Em &quot;Cidade&quot;","block_context":{"text":"Cidade","link":"http:\/\/blogdomello.com.br\/blog\/category\/cidade\/"},"img":{"alt_text":"","src":"https:\/\/i0.wp.com\/blogdomello.com.br\/blog\/wp-content\/uploads\/2024\/10\/1e3325ec-0787-4781-bac5-0ebf608bacee.jpeg?fit=1024%2C1024&resize=350%2C200","width":350,"height":200,"srcset":"https:\/\/i0.wp.com\/blogdomello.com.br\/blog\/wp-content\/uploads\/2024\/10\/1e3325ec-0787-4781-bac5-0ebf608bacee.jpeg?fit=1024%2C1024&resize=350%2C200 1x, https:\/\/i0.wp.com\/blogdomello.com.br\/blog\/wp-content\/uploads\/2024\/10\/1e3325ec-0787-4781-bac5-0ebf608bacee.jpeg?fit=1024%2C1024&resize=525%2C300 1.5x, https:\/\/i0.wp.com\/blogdomello.com.br\/blog\/wp-content\/uploads\/2024\/10\/1e3325ec-0787-4781-bac5-0ebf608bacee.jpeg?fit=1024%2C1024&resize=700%2C400 2x"},"classes":[]},{"id":3488,"url":"http:\/\/blogdomello.com.br\/blog\/prometeu-dinheiro-e-deu-o-calote-nas-empresas-de-onibus\/","url_meta":{"origin":3435,"position":2},"title":"Prometeu dinheiro e deu o &#8220;calote&#8221; nas empresas de \u00f4nibus","author":"danmello","date":"31\/10\/2024 - 12:33","format":false,"excerpt":"Greve explode ap\u00f3s promessa furada! Ser\u00e1 estelionato eleitoral?","rel":"","context":"Em &quot;Jacare\u00ed&quot;","block_context":{"text":"Jacare\u00ed","link":"http:\/\/blogdomello.com.br\/blog\/category\/jacarei\/"},"img":{"alt_text":"","src":"https:\/\/i0.wp.com\/blogdomello.com.br\/blog\/wp-content\/uploads\/2024\/10\/image-9.png?fit=770%2C431&resize=350%2C200","width":350,"height":200,"srcset":"https:\/\/i0.wp.com\/blogdomello.com.br\/blog\/wp-content\/uploads\/2024\/10\/image-9.png?fit=770%2C431&resize=350%2C200 1x, https:\/\/i0.wp.com\/blogdomello.com.br\/blog\/wp-content\/uploads\/2024\/10\/image-9.png?fit=770%2C431&resize=525%2C300 1.5x, https:\/\/i0.wp.com\/blogdomello.com.br\/blog\/wp-content\/uploads\/2024\/10\/image-9.png?fit=770%2C431&resize=700%2C400 2x"},"classes":[]},{"id":3463,"url":"http:\/\/blogdomello.com.br\/blog\/eu-preciso-pedir-desculpas-diz-cury\/","url_meta":{"origin":3435,"position":3},"title":"&#8220;Eu preciso pedir desculpas&#8221;, diz Cury","author":"danmello","date":"30\/10\/2024 - 19:12","format":false,"excerpt":"Em entrevista a Jovem Pan, Cury pediu desculpas por n\u00e3o ser entendido. Mas que ele n\u00e3o percebeu sobre a elei\u00e7\u00e3o?","rel":"","context":"Em &quot;Elei\u00e7\u00f5es 2024&quot;","block_context":{"text":"Elei\u00e7\u00f5es 2024","link":"http:\/\/blogdomello.com.br\/blog\/category\/eleicoes-2024\/"},"img":{"alt_text":"","src":"https:\/\/i0.wp.com\/blogdomello.com.br\/blog\/wp-content\/uploads\/2024\/10\/image-6.png?fit=875%2C478&resize=350%2C200","width":350,"height":200,"srcset":"https:\/\/i0.wp.com\/blogdomello.com.br\/blog\/wp-content\/uploads\/2024\/10\/image-6.png?fit=875%2C478&resize=350%2C200 1x, https:\/\/i0.wp.com\/blogdomello.com.br\/blog\/wp-content\/uploads\/2024\/10\/image-6.png?fit=875%2C478&resize=525%2C300 1.5x, https:\/\/i0.wp.com\/blogdomello.com.br\/blog\/wp-content\/uploads\/2024\/10\/image-6.png?fit=875%2C478&resize=700%2C400 2x"},"classes":[]},{"id":3475,"url":"http:\/\/blogdomello.com.br\/blog\/servidores-sem-vale-medicos-sem-pagamento-crise-financeira-explode-em-jacarei\/","url_meta":{"origin":3435,"position":4},"title":"Servidores sem vale, m\u00e9dicos sem pagamento: crise financeira explode em Jacare\u00ed!","author":"danmello","date":"30\/10\/2024 - 19:38","format":false,"excerpt":"Vereador aponta que d\u00edvida da cidade saltou de R$ 250 milh\u00f5es para R$ 630 milh\u00f5es, em meio a trubul\u00eancia da falta de verba para custeio de servi\u00e7os. Sa\u00fade, limpeza urbana e transporte podem ser impactados.","rel":"","context":"Em &quot;Jacare\u00ed&quot;","block_context":{"text":"Jacare\u00ed","link":"http:\/\/blogdomello.com.br\/blog\/category\/jacarei\/"},"img":{"alt_text":"","src":"https:\/\/i0.wp.com\/blogdomello.com.br\/blog\/wp-content\/uploads\/2024\/10\/image-7.png?fit=903%2C729&resize=350%2C200","width":350,"height":200,"srcset":"https:\/\/i0.wp.com\/blogdomello.com.br\/blog\/wp-content\/uploads\/2024\/10\/image-7.png?fit=903%2C729&resize=350%2C200 1x, https:\/\/i0.wp.com\/blogdomello.com.br\/blog\/wp-content\/uploads\/2024\/10\/image-7.png?fit=903%2C729&resize=525%2C300 1.5x, https:\/\/i0.wp.com\/blogdomello.com.br\/blog\/wp-content\/uploads\/2024\/10\/image-7.png?fit=903%2C729&resize=700%2C400 2x"},"classes":[]},{"id":3406,"url":"http:\/\/blogdomello.com.br\/blog\/cury-ve-vantagem-de-anderson-aumentar-no-2o-turno\/","url_meta":{"origin":3435,"position":5},"title":"Cury v\u00ea vantagem de Anderson aumentar no 2\u00ba turno","author":"danmello","date":"28\/10\/2024 - 17:48","format":false,"excerpt":"Anderson ampliou diferen\u00e7a em pelo menos 10% do que tinha conquistado em primeiro turno Em apenas 20 dias de campanha, Anderson conseguiu aumentar sua vantagem para 55.687 votos em rela\u00e7\u00e3o a Eduardo Cury. Assim, a diferen\u00e7a aumentou em 5.573 votos. Mesmo com um esfor\u00e7o adicional dos aliados de \u00faltima hora,\u2026","rel":"","context":"Em &quot;Elei\u00e7\u00f5es 2024&quot;","block_context":{"text":"Elei\u00e7\u00f5es 2024","link":"http:\/\/blogdomello.com.br\/blog\/category\/eleicoes-2024\/"},"img":{"alt_text":"","src":"https:\/\/i0.wp.com\/blogdomello.com.br\/blog\/wp-content\/uploads\/2024\/10\/ANDERSON-FESTA-VITORIA-PSD-DIVULG-8-768x512-1.jpg?fit=768%2C512&resize=350%2C200","width":350,"height":200,"srcset":"https:\/\/i0.wp.com\/blogdomello.com.br\/blog\/wp-content\/uploads\/2024\/10\/ANDERSON-FESTA-VITORIA-PSD-DIVULG-8-768x512-1.jpg?fit=768%2C512&resize=350%2C200 1x, https:\/\/i0.wp.com\/blogdomello.com.br\/blog\/wp-content\/uploads\/2024\/10\/ANDERSON-FESTA-VITORIA-PSD-DIVULG-8-768x512-1.jpg?fit=768%2C512&resize=525%2C300 1.5x, https:\/\/i0.wp.com\/blogdomello.com.br\/blog\/wp-content\/uploads\/2024\/10\/ANDERSON-FESTA-VITORIA-PSD-DIVULG-8-768x512-1.jpg?fit=768%2C512&resize=700%2C400 2x"},"classes":[]}],"jetpack_likes_enabled":false,"_links":{"self":[{"href":"http:\/\/blogdomello.com.br\/blog\/wp-json\/wp\/v2\/posts\/3435","targetHints":{"allow":["GET"]}}],"collection":[{"href":"http:\/\/blogdomello.com.br\/blog\/wp-json\/wp\/v2\/posts"}],"about":[{"href":"http:\/\/blogdomello.com.br\/blog\/wp-json\/wp\/v2\/types\/post"}],"author":[{"embeddable":true,"href":"http:\/\/blogdomello.com.br\/blog\/wp-json\/wp\/v2\/users\/1"}],"replies":[{"embeddable":true,"href":"http:\/\/blogdomello.com.br\/blog\/wp-json\/wp\/v2\/comments?post=3435"}],"version-history":[{"count":3,"href":"http:\/\/blogdomello.com.br\/blog\/wp-json\/wp\/v2\/posts\/3435\/revisions"}],"predecessor-version":[{"id":3445,"href":"http:\/\/blogdomello.com.br\/blog\/wp-json\/wp\/v2\/posts\/3435\/revisions\/3445"}],"wp:featuredmedia":[{"embeddable":true,"href":"http:\/\/blogdomello.com.br\/blog\/wp-json\/wp\/v2\/media\/3436"}],"wp:attachment":[{"href":"http:\/\/blogdomello.com.br\/blog\/wp-json\/wp\/v2\/media?parent=3435"}],"wp:term":[{"taxonomy":"category","embeddable":true,"href":"http:\/\/blogdomello.com.br\/blog\/wp-json\/wp\/v2\/categories?post=3435"},{"taxonomy":"post_tag","embeddable":true,"href":"http:\/\/blogdomello.com.br\/blog\/wp-json\/wp\/v2\/tags?post=3435"}],"curies":[{"name":"wp","href":"https:\/\/api.w.org\/{rel}","templated":true}]}}