{"id":3426,"date":"2024-10-29T22:37:58","date_gmt":"2024-10-30T01:37:58","guid":{"rendered":"https:\/\/blogdomello.com.br\/blog\/?p=3426"},"modified":"2024-10-31T00:08:08","modified_gmt":"2024-10-31T03:08:08","slug":"perguntar-nao-ofende-prefeito-de-jacarei-e-a-dilma-que-cury-previa","status":"publish","type":"post","link":"http:\/\/blogdomello.com.br\/blog\/perguntar-nao-ofende-prefeito-de-jacarei-e-a-dilma-que-cury-previa\/","title":{"rendered":"Perguntar, n\u00e3o ofende: Iza\u00edas \u00e9 a \u201cDilma\u201d que Cury previa?"},"content":{"rendered":"\n<p class=\"\"><strong><em>Cury profetizou, mas na cidade errada: o certo deve ser Jacare\u00ed!<\/em><\/strong> <strong><em>Pode chamar de estelionato eleitoral?<\/em><\/strong><\/p>\n\n\n\n<figure class=\"wp-block-image size-large\"><img data-recalc-dims=\"1\" loading=\"lazy\" decoding=\"async\" width=\"1024\" height=\"1024\" data-attachment-id=\"3427\" data-permalink=\"http:\/\/blogdomello.com.br\/blog\/perguntar-nao-ofende-prefeito-de-jacarei-e-a-dilma-que-cury-previa\/dilma-de-jacarei\/\" data-orig-file=\"https:\/\/i0.wp.com\/blogdomello.com.br\/blog\/wp-content\/uploads\/2024\/10\/DILMA-DE-JACAREI.png?fit=1080%2C1080\" data-orig-size=\"1080,1080\" data-comments-opened=\"0\" data-image-meta=\"{&quot;aperture&quot;:&quot;0&quot;,&quot;credit&quot;:&quot;&quot;,&quot;camera&quot;:&quot;&quot;,&quot;caption&quot;:&quot;&quot;,&quot;created_timestamp&quot;:&quot;0&quot;,&quot;copyright&quot;:&quot;&quot;,&quot;focal_length&quot;:&quot;0&quot;,&quot;iso&quot;:&quot;0&quot;,&quot;shutter_speed&quot;:&quot;0&quot;,&quot;title&quot;:&quot;&quot;,&quot;orientation&quot;:&quot;0&quot;}\" data-image-title=\"DILMA DE JACARE\u00cd\" data-image-description=\"\" data-image-caption=\"\" data-large-file=\"https:\/\/i0.wp.com\/blogdomello.com.br\/blog\/wp-content\/uploads\/2024\/10\/DILMA-DE-JACAREI.png?fit=1024%2C1024\" src=\"https:\/\/i0.wp.com\/blogdomello.com.br\/blog\/wp-content\/uploads\/2024\/10\/DILMA-DE-JACAREI-1024x1024.png?resize=1024%2C1024&#038;ssl=1\" alt=\"\" class=\"wp-image-3427\" srcset=\"https:\/\/i0.wp.com\/blogdomello.com.br\/blog\/wp-content\/uploads\/2024\/10\/DILMA-DE-JACAREI.png?resize=1024%2C1024 1024w, https:\/\/i0.wp.com\/blogdomello.com.br\/blog\/wp-content\/uploads\/2024\/10\/DILMA-DE-JACAREI.png?resize=300%2C300 300w, https:\/\/i0.wp.com\/blogdomello.com.br\/blog\/wp-content\/uploads\/2024\/10\/DILMA-DE-JACAREI.png?resize=150%2C150 150w, https:\/\/i0.wp.com\/blogdomello.com.br\/blog\/wp-content\/uploads\/2024\/10\/DILMA-DE-JACAREI.png?resize=768%2C768 768w, https:\/\/i0.wp.com\/blogdomello.com.br\/blog\/wp-content\/uploads\/2024\/10\/DILMA-DE-JACAREI.png?resize=50%2C50 50w, https:\/\/i0.wp.com\/blogdomello.com.br\/blog\/wp-content\/uploads\/2024\/10\/DILMA-DE-JACAREI.png?resize=80%2C80 80w, https:\/\/i0.wp.com\/blogdomello.com.br\/blog\/wp-content\/uploads\/2024\/10\/DILMA-DE-JACAREI.png?resize=320%2C320 320w, https:\/\/i0.wp.com\/blogdomello.com.br\/blog\/wp-content\/uploads\/2024\/10\/DILMA-DE-JACAREI.png?w=1080 1080w\" sizes=\"auto, (max-width: 1000px) 100vw, 1000px\" \/><\/figure>\n\n\n\n<p class=\"\"><\/p>\n\n\n\n<p class=\"\">O texto cont\u00e9m ironia. <\/p>\n\n\n\n<p class=\"\"><em>Eduardo Cury e Emanuel Fernandes andaram \u201ctocando o terror\u201d durante a campanha<\/em> eleitoral, certo? Entre profecias sobre cidade quebrada e <em>\u201cestelionato eleitoral\u201d<\/em>, a dupla lan\u00e7ou previs\u00f5es sobre uma iminente crise financeira para a cidade de S\u00e3o Jos\u00e9.<\/p>\n\n\n\n<p class=\"\"><strong>Pois bem, parece que eles erraram s\u00f3 um detalhe: a cidade!<\/strong> <strong>Jacare\u00ed \u00e9 quem est\u00e1 com esta bomba da \u201ccrise financeira\u201d<\/strong>, protagonizada pelo pupilo Izaias Santana (PSDB) decretando <em>cortes de despesas e mudan\u00e7as de expediente<\/em> em pleno final de ano.<\/p>\n\n\n\n<figure class=\"wp-block-image size-large\"><img data-recalc-dims=\"1\" loading=\"lazy\" decoding=\"async\" width=\"1024\" height=\"1024\" data-attachment-id=\"3428\" data-permalink=\"http:\/\/blogdomello.com.br\/blog\/perguntar-nao-ofende-prefeito-de-jacarei-e-a-dilma-que-cury-previa\/dilma-emanuel\/\" data-orig-file=\"https:\/\/i0.wp.com\/blogdomello.com.br\/blog\/wp-content\/uploads\/2024\/10\/DILMA-emanuel.png?fit=1080%2C1080\" data-orig-size=\"1080,1080\" data-comments-opened=\"0\" data-image-meta=\"{&quot;aperture&quot;:&quot;0&quot;,&quot;credit&quot;:&quot;&quot;,&quot;camera&quot;:&quot;&quot;,&quot;caption&quot;:&quot;&quot;,&quot;created_timestamp&quot;:&quot;0&quot;,&quot;copyright&quot;:&quot;&quot;,&quot;focal_length&quot;:&quot;0&quot;,&quot;iso&quot;:&quot;0&quot;,&quot;shutter_speed&quot;:&quot;0&quot;,&quot;title&quot;:&quot;&quot;,&quot;orientation&quot;:&quot;0&quot;}\" data-image-title=\"DILMA &amp;#8211; emanuel\" data-image-description=\"\" data-image-caption=\"\" data-large-file=\"https:\/\/i0.wp.com\/blogdomello.com.br\/blog\/wp-content\/uploads\/2024\/10\/DILMA-emanuel.png?fit=1024%2C1024\" src=\"https:\/\/i0.wp.com\/blogdomello.com.br\/blog\/wp-content\/uploads\/2024\/10\/DILMA-emanuel-1024x1024.png?resize=1024%2C1024&#038;ssl=1\" alt=\"\" class=\"wp-image-3428\" srcset=\"https:\/\/i0.wp.com\/blogdomello.com.br\/blog\/wp-content\/uploads\/2024\/10\/DILMA-emanuel.png?resize=1024%2C1024 1024w, https:\/\/i0.wp.com\/blogdomello.com.br\/blog\/wp-content\/uploads\/2024\/10\/DILMA-emanuel.png?resize=300%2C300 300w, https:\/\/i0.wp.com\/blogdomello.com.br\/blog\/wp-content\/uploads\/2024\/10\/DILMA-emanuel.png?resize=150%2C150 150w, https:\/\/i0.wp.com\/blogdomello.com.br\/blog\/wp-content\/uploads\/2024\/10\/DILMA-emanuel.png?resize=768%2C768 768w, https:\/\/i0.wp.com\/blogdomello.com.br\/blog\/wp-content\/uploads\/2024\/10\/DILMA-emanuel.png?resize=50%2C50 50w, https:\/\/i0.wp.com\/blogdomello.com.br\/blog\/wp-content\/uploads\/2024\/10\/DILMA-emanuel.png?resize=80%2C80 80w, https:\/\/i0.wp.com\/blogdomello.com.br\/blog\/wp-content\/uploads\/2024\/10\/DILMA-emanuel.png?resize=320%2C320 320w, https:\/\/i0.wp.com\/blogdomello.com.br\/blog\/wp-content\/uploads\/2024\/10\/DILMA-emanuel.png?w=1080 1080w\" sizes=\"auto, (max-width: 1000px) 100vw, 1000px\" \/><\/figure>\n\n\n\n<p class=\"\"><\/p>\n\n\n\n<p class=\"\">A situa\u00e7\u00e3o \u00e9 a seguinte: o novo decreto da Prefeitura de Jacare\u00ed imp\u00f5e uma <strong>redu\u00e7\u00e3o no hor\u00e1rio de funcionamento dos servi\u00e7os p\u00fablicos<\/strong>. A medida visa garantir um <em>\u201cajuste financeiro or\u00e7ament\u00e1rio\u201d<\/em>, bem ao estilo de <strong>\u201cestamos sem grana, endividados e precisamos conter gastos\u201d<\/strong>.<\/p>\n\n\n\n<p class=\"\">E o que isso significa para os servidores? <em>Nada menos que um corte no Vale Refei\u00e7\u00e3o<\/em>, o que levou o Sindicato dos Trabalhadores P\u00fablicos Municipais de Jacare\u00ed a reagir prontamente, <em>chamando a decis\u00e3o de \u201cmanobra\u201d<\/em>.<\/p>\n\n\n\n<p class=\"\"><em>Cury chegou a dizer que ter\u00edamos a \u201cDilma\u201d de S\u00e3o Jos\u00e9 dos Campos&#8230;<\/em> mas, afinal, ser\u00e1 que ele <strong>n\u00e3o trocou os endere\u00e7os?<\/strong> Afinal, se os cortes de gastos e as conten\u00e7\u00f5es chegaram a Jacare\u00ed, <em>ser\u00e1 que Izaias Santana est\u00e1 ganhando o t\u00edtulo de \u201cDilma de Jacare\u00ed\u201d?<\/em><\/p>\n\n\n\n<figure class=\"wp-block-image size-large\"><img data-recalc-dims=\"1\" loading=\"lazy\" decoding=\"async\" width=\"1024\" height=\"1024\" data-attachment-id=\"3429\" data-permalink=\"http:\/\/blogdomello.com.br\/blog\/perguntar-nao-ofende-prefeito-de-jacarei-e-a-dilma-que-cury-previa\/dilma-de-jacarei-2\/\" data-orig-file=\"https:\/\/i0.wp.com\/blogdomello.com.br\/blog\/wp-content\/uploads\/2024\/10\/DILMA-de-jacarei-2.png?fit=1080%2C1080\" data-orig-size=\"1080,1080\" data-comments-opened=\"0\" data-image-meta=\"{&quot;aperture&quot;:&quot;0&quot;,&quot;credit&quot;:&quot;&quot;,&quot;camera&quot;:&quot;&quot;,&quot;caption&quot;:&quot;&quot;,&quot;created_timestamp&quot;:&quot;0&quot;,&quot;copyright&quot;:&quot;&quot;,&quot;focal_length&quot;:&quot;0&quot;,&quot;iso&quot;:&quot;0&quot;,&quot;shutter_speed&quot;:&quot;0&quot;,&quot;title&quot;:&quot;&quot;,&quot;orientation&quot;:&quot;0&quot;}\" data-image-title=\"DILMA de jacare\u00ed 2\" data-image-description=\"\" data-image-caption=\"\" data-large-file=\"https:\/\/i0.wp.com\/blogdomello.com.br\/blog\/wp-content\/uploads\/2024\/10\/DILMA-de-jacarei-2.png?fit=1024%2C1024\" src=\"https:\/\/i0.wp.com\/blogdomello.com.br\/blog\/wp-content\/uploads\/2024\/10\/DILMA-de-jacarei-2-1024x1024.png?resize=1024%2C1024&#038;ssl=1\" alt=\"\" class=\"wp-image-3429\" srcset=\"https:\/\/i0.wp.com\/blogdomello.com.br\/blog\/wp-content\/uploads\/2024\/10\/DILMA-de-jacarei-2.png?resize=1024%2C1024 1024w, https:\/\/i0.wp.com\/blogdomello.com.br\/blog\/wp-content\/uploads\/2024\/10\/DILMA-de-jacarei-2.png?resize=300%2C300 300w, https:\/\/i0.wp.com\/blogdomello.com.br\/blog\/wp-content\/uploads\/2024\/10\/DILMA-de-jacarei-2.png?resize=150%2C150 150w, https:\/\/i0.wp.com\/blogdomello.com.br\/blog\/wp-content\/uploads\/2024\/10\/DILMA-de-jacarei-2.png?resize=768%2C768 768w, https:\/\/i0.wp.com\/blogdomello.com.br\/blog\/wp-content\/uploads\/2024\/10\/DILMA-de-jacarei-2.png?resize=50%2C50 50w, https:\/\/i0.wp.com\/blogdomello.com.br\/blog\/wp-content\/uploads\/2024\/10\/DILMA-de-jacarei-2.png?resize=80%2C80 80w, https:\/\/i0.wp.com\/blogdomello.com.br\/blog\/wp-content\/uploads\/2024\/10\/DILMA-de-jacarei-2.png?resize=320%2C320 320w, https:\/\/i0.wp.com\/blogdomello.com.br\/blog\/wp-content\/uploads\/2024\/10\/DILMA-de-jacarei-2.png?w=1080 1080w\" sizes=\"auto, (max-width: 1000px) 100vw, 1000px\" \/><\/figure>\n\n\n\n<p class=\"\"><\/p>\n\n\n\n<p class=\"\">Veja a mat\u00e9ria de OVale:<br><a href=\"https:\/\/sampi.net.br\/ovale\/noticias\/2865102\/vale-do-paraiba\/2024\/10\/prefeito-de-jacarei-adota-medida-para-conter-despesas\">https:\/\/sampi.net.br\/ovale\/noticias\/2865102\/vale-do-paraiba\/2024\/10\/prefeito-de-jacarei-adota-medida-para-conter-despesas<\/a><\/p>\n","protected":false},"excerpt":{"rendered":"<p>Cury e Emanuel previram a crise em S\u00e3o Jos\u00e9, mas erraram: o verdadeiro drama financeiro explode em Jacare\u00ed, onde Iza\u00edas Santana n\u00e3o deve ter seguido a cartilha da boa gest\u00e3o.<\/p>\n","protected":false},"author":1,"featured_media":3427,"comment_status":"closed","ping_status":"open","sticky":false,"template":"","format":"standard","meta":{"nf_dc_page":"","om_disable_all_campaigns":false,"jetpack_post_was_ever_published":false,"_jetpack_newsletter_access":"","_jetpack_dont_email_post_to_subs":false,"_jetpack_newsletter_tier_id":0,"_jetpack_memberships_contains_paywalled_content":false,"_jetpack_memberships_contains_paid_content":false,"footnotes":"","jetpack_publicize_message":"","jetpack_publicize_feature_enabled":true,"jetpack_social_post_already_shared":true,"jetpack_social_options":{"image_generator_settings":{"template":"highway","default_image_id":0,"font":"","enabled":false},"version":2}},"categories":[313],"tags":[],"class_list":["post-3426","post","type-post","status-publish","format-standard","has-post-thumbnail","hentry","category-jacarei"],"wppr_data":{"cwp_meta_box_check":"No"},"jetpack_publicize_connections":[],"jetpack_featured_media_url":"https:\/\/i0.wp.com\/blogdomello.com.br\/blog\/wp-content\/uploads\/2024\/10\/DILMA-DE-JACAREI.png?fit=1080%2C1080","jetpack_sharing_enabled":true,"jetpack_shortlink":"https:\/\/wp.me\/p6LMUA-Tg","jetpack-related-posts":[{"id":3488,"url":"http:\/\/blogdomello.com.br\/blog\/prometeu-dinheiro-e-deu-o-calote-nas-empresas-de-onibus\/","url_meta":{"origin":3426,"position":0},"title":"Prometeu dinheiro e deu o &#8220;calote&#8221; nas empresas de \u00f4nibus","author":"danmello","date":"31\/10\/2024 - 12:33","format":false,"excerpt":"Greve explode ap\u00f3s promessa furada! Ser\u00e1 estelionato eleitoral?","rel":"","context":"Em &quot;Jacare\u00ed&quot;","block_context":{"text":"Jacare\u00ed","link":"http:\/\/blogdomello.com.br\/blog\/category\/jacarei\/"},"img":{"alt_text":"","src":"https:\/\/i0.wp.com\/blogdomello.com.br\/blog\/wp-content\/uploads\/2024\/10\/image-9.png?fit=770%2C431&resize=350%2C200","width":350,"height":200,"srcset":"https:\/\/i0.wp.com\/blogdomello.com.br\/blog\/wp-content\/uploads\/2024\/10\/image-9.png?fit=770%2C431&resize=350%2C200 1x, https:\/\/i0.wp.com\/blogdomello.com.br\/blog\/wp-content\/uploads\/2024\/10\/image-9.png?fit=770%2C431&resize=525%2C300 1.5x, https:\/\/i0.wp.com\/blogdomello.com.br\/blog\/wp-content\/uploads\/2024\/10\/image-9.png?fit=770%2C431&resize=700%2C400 2x"},"classes":[]},{"id":3475,"url":"http:\/\/blogdomello.com.br\/blog\/servidores-sem-vale-medicos-sem-pagamento-crise-financeira-explode-em-jacarei\/","url_meta":{"origin":3426,"position":1},"title":"Servidores sem vale, m\u00e9dicos sem pagamento: crise financeira explode em Jacare\u00ed!","author":"danmello","date":"30\/10\/2024 - 19:38","format":false,"excerpt":"Vereador aponta que d\u00edvida da cidade saltou de R$ 250 milh\u00f5es para R$ 630 milh\u00f5es, em meio a trubul\u00eancia da falta de verba para custeio de servi\u00e7os. Sa\u00fade, limpeza urbana e transporte podem ser impactados.","rel":"","context":"Em &quot;Jacare\u00ed&quot;","block_context":{"text":"Jacare\u00ed","link":"http:\/\/blogdomello.com.br\/blog\/category\/jacarei\/"},"img":{"alt_text":"","src":"https:\/\/i0.wp.com\/blogdomello.com.br\/blog\/wp-content\/uploads\/2024\/10\/image-7.png?fit=903%2C729&resize=350%2C200","width":350,"height":200,"srcset":"https:\/\/i0.wp.com\/blogdomello.com.br\/blog\/wp-content\/uploads\/2024\/10\/image-7.png?fit=903%2C729&resize=350%2C200 1x, https:\/\/i0.wp.com\/blogdomello.com.br\/blog\/wp-content\/uploads\/2024\/10\/image-7.png?fit=903%2C729&resize=525%2C300 1.5x, https:\/\/i0.wp.com\/blogdomello.com.br\/blog\/wp-content\/uploads\/2024\/10\/image-7.png?fit=903%2C729&resize=700%2C400 2x"},"classes":[]},{"id":3388,"url":"http:\/\/blogdomello.com.br\/blog\/com-que-salto-eu-vou\/","url_meta":{"origin":3426,"position":2},"title":"Com que salto eu vou?","author":"danmello","date":"28\/10\/2024 - 14:29","format":false,"excerpt":"A escolha parecia simples para Eduardo Cury, nas elei\u00e7\u00f5es de 2024: o \"sapato velho de Salto 45\", ou \u201csapato de grife novo de Salto 22\u201d. Anderson venceu a elei\u00e7\u00e3o de forma merecida, que reflete a avalia\u00e7\u00e3o do seu governo. O joseense quer trabalho! Mas vamos falar do advers\u00e1rio, no day\u2026","rel":"","context":"Em &quot;Cidade&quot;","block_context":{"text":"Cidade","link":"http:\/\/blogdomello.com.br\/blog\/category\/cidade\/"},"img":{"alt_text":"","src":"https:\/\/i0.wp.com\/blogdomello.com.br\/blog\/wp-content\/uploads\/2024\/10\/1e3325ec-0787-4781-bac5-0ebf608bacee.jpeg?fit=1024%2C1024&resize=350%2C200","width":350,"height":200,"srcset":"https:\/\/i0.wp.com\/blogdomello.com.br\/blog\/wp-content\/uploads\/2024\/10\/1e3325ec-0787-4781-bac5-0ebf608bacee.jpeg?fit=1024%2C1024&resize=350%2C200 1x, https:\/\/i0.wp.com\/blogdomello.com.br\/blog\/wp-content\/uploads\/2024\/10\/1e3325ec-0787-4781-bac5-0ebf608bacee.jpeg?fit=1024%2C1024&resize=525%2C300 1.5x, https:\/\/i0.wp.com\/blogdomello.com.br\/blog\/wp-content\/uploads\/2024\/10\/1e3325ec-0787-4781-bac5-0ebf608bacee.jpeg?fit=1024%2C1024&resize=700%2C400 2x"},"classes":[]},{"id":3463,"url":"http:\/\/blogdomello.com.br\/blog\/eu-preciso-pedir-desculpas-diz-cury\/","url_meta":{"origin":3426,"position":3},"title":"&#8220;Eu preciso pedir desculpas&#8221;, diz Cury","author":"danmello","date":"30\/10\/2024 - 19:12","format":false,"excerpt":"Em entrevista a Jovem Pan, Cury pediu desculpas por n\u00e3o ser entendido. Mas que ele n\u00e3o percebeu sobre a elei\u00e7\u00e3o?","rel":"","context":"Em &quot;Elei\u00e7\u00f5es 2024&quot;","block_context":{"text":"Elei\u00e7\u00f5es 2024","link":"http:\/\/blogdomello.com.br\/blog\/category\/eleicoes-2024\/"},"img":{"alt_text":"","src":"https:\/\/i0.wp.com\/blogdomello.com.br\/blog\/wp-content\/uploads\/2024\/10\/image-6.png?fit=875%2C478&resize=350%2C200","width":350,"height":200,"srcset":"https:\/\/i0.wp.com\/blogdomello.com.br\/blog\/wp-content\/uploads\/2024\/10\/image-6.png?fit=875%2C478&resize=350%2C200 1x, https:\/\/i0.wp.com\/blogdomello.com.br\/blog\/wp-content\/uploads\/2024\/10\/image-6.png?fit=875%2C478&resize=525%2C300 1.5x, https:\/\/i0.wp.com\/blogdomello.com.br\/blog\/wp-content\/uploads\/2024\/10\/image-6.png?fit=875%2C478&resize=700%2C400 2x"},"classes":[]},{"id":3435,"url":"http:\/\/blogdomello.com.br\/blog\/cachorro-quente-e-justica-so-pode-ser-vitoria-da-dona-neusa\/","url_meta":{"origin":3426,"position":4},"title":"Cachorro quente e justi\u00e7a: s\u00f3 pode ser vit\u00f3ria da Dona Neusa!","author":"danmello","date":"29\/10\/2024 - 23:31","format":false,"excerpt":"Dona Neusa, famosa por seu cachorro-quente, enfrentou mais uma vez a persegui\u00e7\u00e3o do ex-prefeito Eduardo Cury.","rel":"","context":"Em &quot;Elei\u00e7\u00f5es 2024&quot;","block_context":{"text":"Elei\u00e7\u00f5es 2024","link":"http:\/\/blogdomello.com.br\/blog\/category\/eleicoes-2024\/"},"img":{"alt_text":"","src":"https:\/\/i0.wp.com\/blogdomello.com.br\/blog\/wp-content\/uploads\/2024\/10\/image-2.png?fit=640%2C428&resize=350%2C200","width":350,"height":200,"srcset":"https:\/\/i0.wp.com\/blogdomello.com.br\/blog\/wp-content\/uploads\/2024\/10\/image-2.png?fit=640%2C428&resize=350%2C200 1x, https:\/\/i0.wp.com\/blogdomello.com.br\/blog\/wp-content\/uploads\/2024\/10\/image-2.png?fit=640%2C428&resize=525%2C300 1.5x"},"classes":[]},{"id":3451,"url":"http:\/\/blogdomello.com.br\/blog\/lideres-de-pl-e-psdb-se-apressam-em-nota-de-oposicao-vereadores-ainda-devem-conversar\/","url_meta":{"origin":3426,"position":5},"title":"L\u00edderes de PL e PSDB se apressam em nota de oposi\u00e7\u00e3o, vereadores ainda devem conversar","author":"danmello","date":"30\/10\/2024 - 06:52","format":false,"excerpt":"Vereadores hesitam em adotar uma oposi\u00e7\u00e3o clara ao prefeito Anderson Farias, revelando que a oposi\u00e7\u00e3o pode n\u00e3o ser do tamanho que os caciques falam.","rel":"","context":"Em &quot;Cidade&quot;","block_context":{"text":"Cidade","link":"http:\/\/blogdomello.com.br\/blog\/category\/cidade\/"},"img":{"alt_text":"","src":"https:\/\/i0.wp.com\/blogdomello.com.br\/blog\/wp-content\/uploads\/2024\/10\/image-4-edited.png?fit=968%2C544&resize=350%2C200","width":350,"height":200,"srcset":"https:\/\/i0.wp.com\/blogdomello.com.br\/blog\/wp-content\/uploads\/2024\/10\/image-4-edited.png?fit=968%2C544&resize=350%2C200 1x, https:\/\/i0.wp.com\/blogdomello.com.br\/blog\/wp-content\/uploads\/2024\/10\/image-4-edited.png?fit=968%2C544&resize=525%2C300 1.5x, https:\/\/i0.wp.com\/blogdomello.com.br\/blog\/wp-content\/uploads\/2024\/10\/image-4-edited.png?fit=968%2C544&resize=700%2C400 2x"},"classes":[]}],"jetpack_likes_enabled":false,"_links":{"self":[{"href":"http:\/\/blogdomello.com.br\/blog\/wp-json\/wp\/v2\/posts\/3426","targetHints":{"allow":["GET"]}}],"collection":[{"href":"http:\/\/blogdomello.com.br\/blog\/wp-json\/wp\/v2\/posts"}],"about":[{"href":"http:\/\/blogdomello.com.br\/blog\/wp-json\/wp\/v2\/types\/post"}],"author":[{"embeddable":true,"href":"http:\/\/blogdomello.com.br\/blog\/wp-json\/wp\/v2\/users\/1"}],"replies":[{"embeddable":true,"href":"http:\/\/blogdomello.com.br\/blog\/wp-json\/wp\/v2\/comments?post=3426"}],"version-history":[{"count":5,"href":"http:\/\/blogdomello.com.br\/blog\/wp-json\/wp\/v2\/posts\/3426\/revisions"}],"predecessor-version":[{"id":3485,"href":"http:\/\/blogdomello.com.br\/blog\/wp-json\/wp\/v2\/posts\/3426\/revisions\/3485"}],"wp:featuredmedia":[{"embeddable":true,"href":"http:\/\/blogdomello.com.br\/blog\/wp-json\/wp\/v2\/media\/3427"}],"wp:attachment":[{"href":"http:\/\/blogdomello.com.br\/blog\/wp-json\/wp\/v2\/media?parent=3426"}],"wp:term":[{"taxonomy":"category","embeddable":true,"href":"http:\/\/blogdomello.com.br\/blog\/wp-json\/wp\/v2\/categories?post=3426"},{"taxonomy":"post_tag","embeddable":true,"href":"http:\/\/blogdomello.com.br\/blog\/wp-json\/wp\/v2\/tags?post=3426"}],"curies":[{"name":"wp","href":"https:\/\/api.w.org\/{rel}","templated":true}]}}