{"id":3416,"date":"2024-10-29T07:24:21","date_gmt":"2024-10-29T10:24:21","guid":{"rendered":"http:\/\/blogdomello.com.br\/blog\/?p=3416"},"modified":"2024-10-30T06:11:45","modified_gmt":"2024-10-30T09:11:45","slug":"kassab-e-lider-e-leal-ao-tarcisio-nao-atua-como-dono-de-partido-diz-anderson-ao-estadao","status":"publish","type":"post","link":"http:\/\/blogdomello.com.br\/blog\/kassab-e-lider-e-leal-ao-tarcisio-nao-atua-como-dono-de-partido-diz-anderson-ao-estadao\/","title":{"rendered":"&#8220;Kassab \u00e9 l\u00edder e leal ao Tarc\u00edsio, n\u00e3o atua como dono de partido&#8221;, diz Anderson ao Estad\u00e3o"},"content":{"rendered":"\n<p class=\"\"><strong><em>Prefeito reeleito de S\u00e2o Jos\u00e9 dos Campos refor\u00e7a o olhar no futuro e recha\u00e7a rivalidade com PL: &#8220;Foi um equ\u00edvoco do Valdemar&#8221;<\/em><\/strong><\/p>\n\n\n\n<p class=\"\"><strong><em> <\/em><\/strong><\/p>\n\n\n\n<figure class=\"wp-block-image size-full\"><img data-recalc-dims=\"1\" loading=\"lazy\" decoding=\"async\" width=\"881\" height=\"478\" data-attachment-id=\"3417\" data-permalink=\"http:\/\/blogdomello.com.br\/blog\/kassab-e-lider-e-leal-ao-tarcisio-nao-atua-como-dono-de-partido-diz-anderson-ao-estadao\/captura-de-tela-2024-10-29-071912\/\" data-orig-file=\"https:\/\/i0.wp.com\/blogdomello.com.br\/blog\/wp-content\/uploads\/2024\/10\/Captura-de-tela-2024-10-29-071912.png?fit=881%2C478\" data-orig-size=\"881,478\" data-comments-opened=\"0\" data-image-meta=\"{&quot;aperture&quot;:&quot;0&quot;,&quot;credit&quot;:&quot;&quot;,&quot;camera&quot;:&quot;&quot;,&quot;caption&quot;:&quot;&quot;,&quot;created_timestamp&quot;:&quot;0&quot;,&quot;copyright&quot;:&quot;&quot;,&quot;focal_length&quot;:&quot;0&quot;,&quot;iso&quot;:&quot;0&quot;,&quot;shutter_speed&quot;:&quot;0&quot;,&quot;title&quot;:&quot;&quot;,&quot;orientation&quot;:&quot;0&quot;}\" data-image-title=\"Captura de tela 2024-10-29 071912\" data-image-description=\"\" data-image-caption=\"\" data-large-file=\"https:\/\/i0.wp.com\/blogdomello.com.br\/blog\/wp-content\/uploads\/2024\/10\/Captura-de-tela-2024-10-29-071912.png?fit=881%2C478\" src=\"https:\/\/i0.wp.com\/blogdomello.com.br\/blog\/wp-content\/uploads\/2024\/10\/Captura-de-tela-2024-10-29-071912.png?resize=881%2C478\" alt=\"\" class=\"wp-image-3417\" srcset=\"https:\/\/i0.wp.com\/blogdomello.com.br\/blog\/wp-content\/uploads\/2024\/10\/Captura-de-tela-2024-10-29-071912.png?w=881 881w, https:\/\/i0.wp.com\/blogdomello.com.br\/blog\/wp-content\/uploads\/2024\/10\/Captura-de-tela-2024-10-29-071912.png?resize=300%2C163 300w, https:\/\/i0.wp.com\/blogdomello.com.br\/blog\/wp-content\/uploads\/2024\/10\/Captura-de-tela-2024-10-29-071912.png?resize=768%2C417 768w, https:\/\/i0.wp.com\/blogdomello.com.br\/blog\/wp-content\/uploads\/2024\/10\/Captura-de-tela-2024-10-29-071912.png?resize=50%2C27 50w\" sizes=\"auto, (max-width: 881px) 100vw, 881px\" \/><\/figure>\n\n\n\n<p class=\"\"><em>Prefeito Anderson em entrevista ao Estad\u00e3o (Reprodu\u00e7\u00e3o\/Youtube)<\/em><\/p>\n\n\n\n<p class=\"\"><\/p>\n\n\n\n<p class=\"\">O prefeito de S\u00e3o Jos\u00e9 dos Campos, Anderson Farias (PSD), afirmou que o PSD teve um grande desempenho nas \u00faltimas elei\u00e7\u00f5es municipais. No entanto, <strong><em>para ele, a lideran\u00e7a do partido por Gilberto Kassab n\u00e3o faz do PSD um partido com dono.<\/em><\/strong> <\/p>\n\n\n\n<p class=\"\">Em entrevista ao jornal <em>O Estado de S\u00e3o Paulo<\/em>, nesta segunda-feira, 28 de outubro, Anderson disse que Kassab respeita as opini\u00f5es e que <strong><em>o PSD \u00e9 um partido mais centrado, alinhado com pautas de centro-direita.<\/em><\/strong><\/p>\n\n\n\n<p class=\"\">Anderson Farias foi reeleito com 58,26% dos votos v\u00e1lidos, vencendo o candidato Eduardo Cury (PL). <strong><em>Para o prefeito, a disputa em S\u00e3o Jos\u00e9 dos Campos entre PSD e PL simbolizou um embate que reflete at\u00e9 no cen\u00e1rio estadual.<\/em><\/strong> <\/p>\n\n\n\n<p class=\"\">Ainda assim, minimizou a ideia de uma rivalidade: \u201cN\u00e3o acredito que exista essa rivalidade. Isso foi uma quest\u00e3o polemizada pelo presidente do PL, Valdemar Costa Neto. Foi um grande equ\u00edvoco ao tentar inflamar essa quest\u00e3o\u201d, comentou.<\/p>\n\n\n\n<p class=\"\">Anderson tamb\u00e9m manifestou apoio ao governador de S\u00e3o Paulo, Tarc\u00edsio de Freitas, para uma poss\u00edvel reelei\u00e7\u00e3o ou at\u00e9 mesmo candidatura federal. Sobre Kassab, ele refor\u00e7ou que <strong><em>o presidente do PSD \u00e9 leal ao governador Tarc\u00edsio<\/em><\/strong> e se dedica a construir boas rela\u00e7\u00f5es com outros partidos: \u201cKassab \u00e9 muito fiel ao governador, comprometido em fortalecer a pol\u00edtica paulista\u201d, disse.<\/p>\n\n\n\n<p class=\"\">Al\u00e9m das quest\u00f5es pol\u00edtico-partid\u00e1rias, o prefeito reeleito destacou o foco de sua gest\u00e3o para os pr\u00f3ximos anos em S\u00e3o Jos\u00e9 dos Campos. <strong><em>Uma das prioridades ser\u00e1 a transforma\u00e7\u00e3o do transporte p\u00fablico para uma frota totalmente el\u00e9trica<\/em><\/strong> e a integra\u00e7\u00e3o entre bicicletas, \u00f4nibus, t\u00e1xis e vans, oferecendo <strong><em>um servi\u00e7o de mobilidade mais moderno e eficiente.<\/em><\/strong><\/p>\n\n\n\n<p class=\"\">Por fim, Anderson enfatizou que seu objetivo principal \u00e9 <strong><em>investir na educa\u00e7\u00e3o para reduzir a viol\u00eancia e a desigualdade social na cidade.<\/em><\/strong><br><br>Leia a mat\u00e9ria do Estad\u00e3o: <a href=\"https:\/\/www.estadao.com.br\/politica\/reeleito-em-sao-jose-dos-campos-anderson-rejeita-que-kassab-atue-como-dono-do-psd-veja-entrevista\/\">https:\/\/www.estadao.com.br\/politica\/reeleito-em-sao-jose-dos-campos-anderson-rejeita-que-kassab-atue-como-dono-do-psd-veja-entrevista\/<\/a><br><br>Assista a entrevista na \u00edntegra: <\/p>\n\n\n\n<figure class=\"wp-embed-aspect-16-9 wp-has-aspect-ratio wp-block-embed is-type-video is-provider-youtube wp-block-embed-youtube\"><div class=\"wp-block-embed__wrapper\">\n<div class=\"video-container\"><iframe loading=\"lazy\" title=\"Estad\u00e3o entrevista o prefeito eleito de S\u00e3o Jos\u00e9 dos Campos, assista\" width=\"500\" height=\"281\" src=\"https:\/\/www.youtube.com\/embed\/wFbW0PfPlG8?feature=oembed&#038;wmode=opaque\" frameborder=\"0\" allow=\"accelerometer; autoplay; clipboard-write; encrypted-media; gyroscope; picture-in-picture; web-share\" referrerpolicy=\"strict-origin-when-cross-origin\" allowfullscreen><\/iframe><\/div>\n<\/div><\/figure>\n","protected":false},"excerpt":{"rendered":"<p>O prefeito reeleito Anderson Farias destacou a import\u00e2ncia do PSD e desacartou  rivalidade com o PL em n\u00edvel estadual.<\/p>\n","protected":false},"author":1,"featured_media":3417,"comment_status":"closed","ping_status":"open","sticky":false,"template":"","format":"standard","meta":{"nf_dc_page":"","om_disable_all_campaigns":false,"jetpack_post_was_ever_published":false,"_jetpack_newsletter_access":"","_jetpack_dont_email_post_to_subs":false,"_jetpack_newsletter_tier_id":0,"_jetpack_memberships_contains_paywalled_content":false,"_jetpack_memberships_contains_paid_content":false,"footnotes":"","jetpack_publicize_message":"","jetpack_publicize_feature_enabled":true,"jetpack_social_post_already_shared":true,"jetpack_social_options":{"image_generator_settings":{"template":"highway","default_image_id":0,"font":"","enabled":false},"version":2}},"categories":[353],"tags":[54,350,354,329,351],"class_list":["post-3416","post","type-post","status-publish","format-standard","has-post-thumbnail","hentry","category-eleicoes-2024","tag-anderson-farias","tag-eleicao-2024","tag-gilberto-kassab","tag-tarcisio-de-freitas","tag-valdemar-da-costa-neto"],"wppr_data":{"cwp_meta_box_check":"No"},"jetpack_publicize_connections":[],"jetpack_featured_media_url":"https:\/\/i0.wp.com\/blogdomello.com.br\/blog\/wp-content\/uploads\/2024\/10\/Captura-de-tela-2024-10-29-071912.png?fit=881%2C478","jetpack_sharing_enabled":true,"jetpack_shortlink":"https:\/\/wp.me\/p6LMUA-T6","jetpack-related-posts":[{"id":3402,"url":"http:\/\/blogdomello.com.br\/blog\/tarcisio-diz-nao-ao-convite-do-valdemar-segundo-colunista\/","url_meta":{"origin":3416,"position":0},"title":"Tarc\u00edsio diz &#8216;n\u00e3o&#8217; ao convite do Valdemar, segundo colunista","author":"danmello","date":"28\/10\/2024 - 17:12","format":false,"excerpt":"Expectativa do presidente do PL vai por \u00e1gua abaixo, segundo nota de jornalista do Metr\u00f3poles. Presidente do PL n\u00e3o conseguiu o que queria nas elei\u00e7\u00f5es municipais (foto: Beto Barata \/ PL) O governador de S\u00e3o Paulo, Tarc\u00edsio de Freitas, decidiu n\u00e3o se filiar ao PL de Bolsonaro, contrariando expectativas criadas\u2026","rel":"","context":"Em &quot;Brasil&quot;","block_context":{"text":"Brasil","link":"http:\/\/blogdomello.com.br\/blog\/category\/brasil\/"},"img":{"alt_text":"","src":"https:\/\/i0.wp.com\/blogdomello.com.br\/blog\/wp-content\/uploads\/2024\/10\/104798826-brasilia-df-23082023-making-of-o-presidente-nacional-do-pl-valdemar-costa-neto-grava.webp?fit=888%2C592&resize=350%2C200","width":350,"height":200,"srcset":"https:\/\/i0.wp.com\/blogdomello.com.br\/blog\/wp-content\/uploads\/2024\/10\/104798826-brasilia-df-23082023-making-of-o-presidente-nacional-do-pl-valdemar-costa-neto-grava.webp?fit=888%2C592&resize=350%2C200 1x, https:\/\/i0.wp.com\/blogdomello.com.br\/blog\/wp-content\/uploads\/2024\/10\/104798826-brasilia-df-23082023-making-of-o-presidente-nacional-do-pl-valdemar-costa-neto-grava.webp?fit=888%2C592&resize=525%2C300 1.5x, https:\/\/i0.wp.com\/blogdomello.com.br\/blog\/wp-content\/uploads\/2024\/10\/104798826-brasilia-df-23082023-making-of-o-presidente-nacional-do-pl-valdemar-costa-neto-grava.webp?fit=888%2C592&resize=700%2C400 2x"},"classes":[]},{"id":3535,"url":"http:\/\/blogdomello.com.br\/blog\/dulce-desiste-de-brasilia\/","url_meta":{"origin":3416,"position":1},"title":"Dulce desiste de Bras\u00edlia","author":"danmello","date":"31\/03\/2026 - 07:27","format":false,"excerpt":"Past\u00e9is, feira e pol\u00edtica: j\u00e1 come\u00e7ou a campanha eleitoral em S\u00e3o Jos\u00e9","rel":"","context":"Em &quot;Elei\u00e7\u00f5es 2026&quot;","block_context":{"text":"Elei\u00e7\u00f5es 2026","link":"http:\/\/blogdomello.com.br\/blog\/category\/eleicoes-2026\/"},"img":{"alt_text":"","src":"https:\/\/i0.wp.com\/blogdomello.com.br\/blog\/wp-content\/uploads\/2026\/03\/image-edited-1.png?fit=886%2C498&resize=350%2C200","width":350,"height":200,"srcset":"https:\/\/i0.wp.com\/blogdomello.com.br\/blog\/wp-content\/uploads\/2026\/03\/image-edited-1.png?fit=886%2C498&resize=350%2C200 1x, https:\/\/i0.wp.com\/blogdomello.com.br\/blog\/wp-content\/uploads\/2026\/03\/image-edited-1.png?fit=886%2C498&resize=525%2C300 1.5x, https:\/\/i0.wp.com\/blogdomello.com.br\/blog\/wp-content\/uploads\/2026\/03\/image-edited-1.png?fit=886%2C498&resize=700%2C400 2x"},"classes":[]},{"id":3451,"url":"http:\/\/blogdomello.com.br\/blog\/lideres-de-pl-e-psdb-se-apressam-em-nota-de-oposicao-vereadores-ainda-devem-conversar\/","url_meta":{"origin":3416,"position":2},"title":"L\u00edderes de PL e PSDB se apressam em nota de oposi\u00e7\u00e3o, vereadores ainda devem conversar","author":"danmello","date":"30\/10\/2024 - 06:52","format":false,"excerpt":"Vereadores hesitam em adotar uma oposi\u00e7\u00e3o clara ao prefeito Anderson Farias, revelando que a oposi\u00e7\u00e3o pode n\u00e3o ser do tamanho que os caciques falam.","rel":"","context":"Em &quot;Cidade&quot;","block_context":{"text":"Cidade","link":"http:\/\/blogdomello.com.br\/blog\/category\/cidade\/"},"img":{"alt_text":"","src":"https:\/\/i0.wp.com\/blogdomello.com.br\/blog\/wp-content\/uploads\/2024\/10\/image-4-edited.png?fit=968%2C544&resize=350%2C200","width":350,"height":200,"srcset":"https:\/\/i0.wp.com\/blogdomello.com.br\/blog\/wp-content\/uploads\/2024\/10\/image-4-edited.png?fit=968%2C544&resize=350%2C200 1x, https:\/\/i0.wp.com\/blogdomello.com.br\/blog\/wp-content\/uploads\/2024\/10\/image-4-edited.png?fit=968%2C544&resize=525%2C300 1.5x, https:\/\/i0.wp.com\/blogdomello.com.br\/blog\/wp-content\/uploads\/2024\/10\/image-4-edited.png?fit=968%2C544&resize=700%2C400 2x"},"classes":[]},{"id":3388,"url":"http:\/\/blogdomello.com.br\/blog\/com-que-salto-eu-vou\/","url_meta":{"origin":3416,"position":3},"title":"Com que salto eu vou?","author":"danmello","date":"28\/10\/2024 - 14:29","format":false,"excerpt":"A escolha parecia simples para Eduardo Cury, nas elei\u00e7\u00f5es de 2024: o \"sapato velho de Salto 45\", ou \u201csapato de grife novo de Salto 22\u201d. Anderson venceu a elei\u00e7\u00e3o de forma merecida, que reflete a avalia\u00e7\u00e3o do seu governo. O joseense quer trabalho! Mas vamos falar do advers\u00e1rio, no day\u2026","rel":"","context":"Em &quot;Cidade&quot;","block_context":{"text":"Cidade","link":"http:\/\/blogdomello.com.br\/blog\/category\/cidade\/"},"img":{"alt_text":"","src":"https:\/\/i0.wp.com\/blogdomello.com.br\/blog\/wp-content\/uploads\/2024\/10\/1e3325ec-0787-4781-bac5-0ebf608bacee.jpeg?fit=1024%2C1024&resize=350%2C200","width":350,"height":200,"srcset":"https:\/\/i0.wp.com\/blogdomello.com.br\/blog\/wp-content\/uploads\/2024\/10\/1e3325ec-0787-4781-bac5-0ebf608bacee.jpeg?fit=1024%2C1024&resize=350%2C200 1x, https:\/\/i0.wp.com\/blogdomello.com.br\/blog\/wp-content\/uploads\/2024\/10\/1e3325ec-0787-4781-bac5-0ebf608bacee.jpeg?fit=1024%2C1024&resize=525%2C300 1.5x, https:\/\/i0.wp.com\/blogdomello.com.br\/blog\/wp-content\/uploads\/2024\/10\/1e3325ec-0787-4781-bac5-0ebf608bacee.jpeg?fit=1024%2C1024&resize=700%2C400 2x"},"classes":[]},{"id":3545,"url":"http:\/\/blogdomello.com.br\/blog\/felicio-com-renata-ao-mdb\/","url_meta":{"origin":3416,"position":4},"title":"Felicio com Renata no MDB","author":"danmello","date":"31\/03\/2026 - 07:45","format":false,"excerpt":"Renata Paiva anunciou na noite desta segunda-feira (30) sua sa\u00edda do PSD e filia\u00e7\u00e3o ao MDB. O an\u00fancio foi feito ao lado do presidente nacional do partido, Baleia Rossi, e marca uma virada na trajet\u00f3ria pol\u00edtica da pr\u00e9-candidata a deputada federal por S\u00e3o Jos\u00e9 dos Campos. Felicio puxa a fila\u2026","rel":"","context":"Em &quot;Elei\u00e7\u00f5es 2026&quot;","block_context":{"text":"Elei\u00e7\u00f5es 2026","link":"http:\/\/blogdomello.com.br\/blog\/category\/eleicoes-2026\/"},"img":{"alt_text":"","src":"https:\/\/i0.wp.com\/blogdomello.com.br\/blog\/wp-content\/uploads\/2026\/03\/Captura-de-Tela-2026-03-31-as-07.40.47-edited.png?resize=350%2C200&ssl=1","width":350,"height":200},"classes":[]},{"id":3406,"url":"http:\/\/blogdomello.com.br\/blog\/cury-ve-vantagem-de-anderson-aumentar-no-2o-turno\/","url_meta":{"origin":3416,"position":5},"title":"Cury v\u00ea vantagem de Anderson aumentar no 2\u00ba turno","author":"danmello","date":"28\/10\/2024 - 17:48","format":false,"excerpt":"Anderson ampliou diferen\u00e7a em pelo menos 10% do que tinha conquistado em primeiro turno Em apenas 20 dias de campanha, Anderson conseguiu aumentar sua vantagem para 55.687 votos em rela\u00e7\u00e3o a Eduardo Cury. Assim, a diferen\u00e7a aumentou em 5.573 votos. Mesmo com um esfor\u00e7o adicional dos aliados de \u00faltima hora,\u2026","rel":"","context":"Em &quot;Elei\u00e7\u00f5es 2024&quot;","block_context":{"text":"Elei\u00e7\u00f5es 2024","link":"http:\/\/blogdomello.com.br\/blog\/category\/eleicoes-2024\/"},"img":{"alt_text":"","src":"https:\/\/i0.wp.com\/blogdomello.com.br\/blog\/wp-content\/uploads\/2024\/10\/ANDERSON-FESTA-VITORIA-PSD-DIVULG-8-768x512-1.jpg?fit=768%2C512&resize=350%2C200","width":350,"height":200,"srcset":"https:\/\/i0.wp.com\/blogdomello.com.br\/blog\/wp-content\/uploads\/2024\/10\/ANDERSON-FESTA-VITORIA-PSD-DIVULG-8-768x512-1.jpg?fit=768%2C512&resize=350%2C200 1x, https:\/\/i0.wp.com\/blogdomello.com.br\/blog\/wp-content\/uploads\/2024\/10\/ANDERSON-FESTA-VITORIA-PSD-DIVULG-8-768x512-1.jpg?fit=768%2C512&resize=525%2C300 1.5x, https:\/\/i0.wp.com\/blogdomello.com.br\/blog\/wp-content\/uploads\/2024\/10\/ANDERSON-FESTA-VITORIA-PSD-DIVULG-8-768x512-1.jpg?fit=768%2C512&resize=700%2C400 2x"},"classes":[]}],"jetpack_likes_enabled":false,"_links":{"self":[{"href":"http:\/\/blogdomello.com.br\/blog\/wp-json\/wp\/v2\/posts\/3416","targetHints":{"allow":["GET"]}}],"collection":[{"href":"http:\/\/blogdomello.com.br\/blog\/wp-json\/wp\/v2\/posts"}],"about":[{"href":"http:\/\/blogdomello.com.br\/blog\/wp-json\/wp\/v2\/types\/post"}],"author":[{"embeddable":true,"href":"http:\/\/blogdomello.com.br\/blog\/wp-json\/wp\/v2\/users\/1"}],"replies":[{"embeddable":true,"href":"http:\/\/blogdomello.com.br\/blog\/wp-json\/wp\/v2\/comments?post=3416"}],"version-history":[{"count":4,"href":"http:\/\/blogdomello.com.br\/blog\/wp-json\/wp\/v2\/posts\/3416\/revisions"}],"predecessor-version":[{"id":3449,"href":"http:\/\/blogdomello.com.br\/blog\/wp-json\/wp\/v2\/posts\/3416\/revisions\/3449"}],"wp:featuredmedia":[{"embeddable":true,"href":"http:\/\/blogdomello.com.br\/blog\/wp-json\/wp\/v2\/media\/3417"}],"wp:attachment":[{"href":"http:\/\/blogdomello.com.br\/blog\/wp-json\/wp\/v2\/media?parent=3416"}],"wp:term":[{"taxonomy":"category","embeddable":true,"href":"http:\/\/blogdomello.com.br\/blog\/wp-json\/wp\/v2\/categories?post=3416"},{"taxonomy":"post_tag","embeddable":true,"href":"http:\/\/blogdomello.com.br\/blog\/wp-json\/wp\/v2\/tags?post=3416"}],"curies":[{"name":"wp","href":"https:\/\/api.w.org\/{rel}","templated":true}]}}