{"id":3402,"date":"2024-10-28T17:12:17","date_gmt":"2024-10-28T20:12:17","guid":{"rendered":"http:\/\/blogdomello.com.br\/blog\/?p=3402"},"modified":"2024-10-28T17:36:21","modified_gmt":"2024-10-28T20:36:21","slug":"tarcisio-diz-nao-ao-convite-do-valdemar-segundo-colunista","status":"publish","type":"post","link":"http:\/\/blogdomello.com.br\/blog\/tarcisio-diz-nao-ao-convite-do-valdemar-segundo-colunista\/","title":{"rendered":"Tarc\u00edsio diz &#8216;n\u00e3o&#8217; ao convite do Valdemar, segundo colunista"},"content":{"rendered":"\n<p class=\"\"><strong><em>Expectativa do presidente do PL vai por \u00e1gua abaixo, segundo nota de jornalista do Metr\u00f3poles.<\/em><\/strong><\/p>\n\n\n\n<div class=\"wp-block-cover\"><span aria-hidden=\"true\" class=\"wp-block-cover__background has-background-dim\"><\/span><img data-recalc-dims=\"1\" loading=\"lazy\" decoding=\"async\" width=\"888\" height=\"592\" data-attachment-id=\"3403\" data-permalink=\"http:\/\/blogdomello.com.br\/blog\/tarcisio-diz-nao-ao-convite-do-valdemar-segundo-colunista\/104798826-brasilia-df-23082023-making-of-o-presidente-nacional-do-pl-valdemar-costa-neto-grava\/\" data-orig-file=\"https:\/\/i0.wp.com\/blogdomello.com.br\/blog\/wp-content\/uploads\/2024\/10\/104798826-brasilia-df-23082023-making-of-o-presidente-nacional-do-pl-valdemar-costa-neto-grava.webp?fit=888%2C592\" data-orig-size=\"888,592\" data-comments-opened=\"0\" data-image-meta=\"{&quot;aperture&quot;:&quot;0&quot;,&quot;credit&quot;:&quot;&quot;,&quot;camera&quot;:&quot;&quot;,&quot;caption&quot;:&quot;&quot;,&quot;created_timestamp&quot;:&quot;0&quot;,&quot;copyright&quot;:&quot;&quot;,&quot;focal_length&quot;:&quot;0&quot;,&quot;iso&quot;:&quot;0&quot;,&quot;shutter_speed&quot;:&quot;0&quot;,&quot;title&quot;:&quot;&quot;,&quot;orientation&quot;:&quot;0&quot;}\" data-image-title=\"104798826-brasilia-df-23082023-making-of-o-presidente-nacional-do-pl-valdemar-costa-neto-grava\" data-image-description=\"\" data-image-caption=\"\" data-large-file=\"https:\/\/i0.wp.com\/blogdomello.com.br\/blog\/wp-content\/uploads\/2024\/10\/104798826-brasilia-df-23082023-making-of-o-presidente-nacional-do-pl-valdemar-costa-neto-grava.webp?fit=888%2C592\" class=\"wp-block-cover__image-background wp-image-3403\" alt=\"\" src=\"https:\/\/i0.wp.com\/blogdomello.com.br\/blog\/wp-content\/uploads\/2024\/10\/104798826-brasilia-df-23082023-making-of-o-presidente-nacional-do-pl-valdemar-costa-neto-grava.webp?resize=888%2C592\" data-object-fit=\"cover\" srcset=\"https:\/\/i0.wp.com\/blogdomello.com.br\/blog\/wp-content\/uploads\/2024\/10\/104798826-brasilia-df-23082023-making-of-o-presidente-nacional-do-pl-valdemar-costa-neto-grava.webp?w=888 888w, https:\/\/i0.wp.com\/blogdomello.com.br\/blog\/wp-content\/uploads\/2024\/10\/104798826-brasilia-df-23082023-making-of-o-presidente-nacional-do-pl-valdemar-costa-neto-grava.webp?resize=300%2C200 300w, https:\/\/i0.wp.com\/blogdomello.com.br\/blog\/wp-content\/uploads\/2024\/10\/104798826-brasilia-df-23082023-making-of-o-presidente-nacional-do-pl-valdemar-costa-neto-grava.webp?resize=768%2C512 768w, https:\/\/i0.wp.com\/blogdomello.com.br\/blog\/wp-content\/uploads\/2024\/10\/104798826-brasilia-df-23082023-making-of-o-presidente-nacional-do-pl-valdemar-costa-neto-grava.webp?resize=50%2C33 50w\" sizes=\"auto, (max-width: 888px) 100vw, 888px\" \/><div class=\"wp-block-cover__inner-container is-layout-flow wp-block-cover-is-layout-flow\">\n<p class=\"has-text-align-center has-large-font-size\">Presidente do PL n\u00e3o conseguiu o que queria nas elei\u00e7\u00f5es municipais (foto: Beto Barata \/ PL)<\/p>\n<\/div><\/div>\n\n\n\n<p class=\"\">O governador de S\u00e3o Paulo, Tarc\u00edsio de Freitas, <strong>decidiu n\u00e3o se filiar ao PL de Bolsonaro<\/strong>, contrariando expectativas criadas por Valdemar Costa Neto, presidente do partido. Valdemar havia garantido que Tarc\u00edsio se filiar\u00eda logo ap\u00f3s as elei\u00e7\u00f5es, mas antes, tinha previsto para maio de 2024 e depois adiado para junho. Contudo, a interlocutores, Tarc\u00edsio deixou claro que precisava <strong>manter suas alian\u00e7as em S\u00e3o Paulo<\/strong> antes de tomar qualquer decis\u00e3o sobre sua filia\u00e7\u00e3o. Essa informa\u00e7\u00e3o foi dada pelo colunista <em>Igor Gadelha<\/em> do <a href=\"https:\/\/www.metropoles.com\/colunas\/igor-gadelha\/tarcisio-avisa-a-aliados-que-desistiu-de-se-filiar-ao-pl-de-bolsonaro\">Metr\u00f3poles<\/a>.<\/p>\n\n\n\n<p class=\"\">Al\u00e9m disso, os embates provocados pelo PL em v\u00e1rias regi\u00f5es e o resultado das urnas, complicou as rela\u00e7\u00f5es do PL com v\u00e1rios partidos, incluindo <strong>S\u00e3o Jos\u00e9 dos Campos<\/strong>, que deve jogar antigos correligion\u00e1rios que deveriam estar alinhados em 2026, em oposi\u00e7\u00e3o uns aos outros no \u00e2mbito municipal.<\/p>\n\n\n\n<p class=\"\"><\/p>\n","protected":false},"excerpt":{"rendered":"<p>Expectativa do presidente do PL vai por \u00e1gua abaixo, segundo nota de jornalista do Metr\u00f3poles. O governador de S\u00e3o Paulo, Tarc\u00edsio de Freitas, decidiu n\u00e3o se filiar ao PL de Bolsonaro, contrariando expectativas criadas&#46;&#46;&#46;<\/p>\n","protected":false},"author":1,"featured_media":3403,"comment_status":"closed","ping_status":"open","sticky":false,"template":"","format":"standard","meta":{"nf_dc_page":"","om_disable_all_campaigns":false,"jetpack_post_was_ever_published":false,"_jetpack_newsletter_access":"","_jetpack_dont_email_post_to_subs":false,"_jetpack_newsletter_tier_id":0,"_jetpack_memberships_contains_paywalled_content":false,"_jetpack_memberships_contains_paid_content":false,"footnotes":"","jetpack_publicize_message":"","jetpack_publicize_feature_enabled":true,"jetpack_social_post_already_shared":true,"jetpack_social_options":{"image_generator_settings":{"template":"highway","default_image_id":0,"font":"","enabled":false},"version":2}},"categories":[43],"tags":[352,329,351],"class_list":["post-3402","post","type-post","status-publish","format-standard","has-post-thumbnail","hentry","category-brasil","tag-pl","tag-tarcisio-de-freitas","tag-valdemar-da-costa-neto"],"wppr_data":{"cwp_meta_box_check":"No"},"jetpack_publicize_connections":[],"jetpack_featured_media_url":"https:\/\/i0.wp.com\/blogdomello.com.br\/blog\/wp-content\/uploads\/2024\/10\/104798826-brasilia-df-23082023-making-of-o-presidente-nacional-do-pl-valdemar-costa-neto-grava.webp?fit=888%2C592","jetpack_sharing_enabled":true,"jetpack_shortlink":"https:\/\/wp.me\/p6LMUA-SS","jetpack-related-posts":[{"id":3416,"url":"http:\/\/blogdomello.com.br\/blog\/kassab-e-lider-e-leal-ao-tarcisio-nao-atua-como-dono-de-partido-diz-anderson-ao-estadao\/","url_meta":{"origin":3402,"position":0},"title":"&#8220;Kassab \u00e9 l\u00edder e leal ao Tarc\u00edsio, n\u00e3o atua como dono de partido&#8221;, diz Anderson ao Estad\u00e3o","author":"danmello","date":"29\/10\/2024 - 07:24","format":false,"excerpt":"O prefeito reeleito Anderson Farias destacou a import\u00e2ncia do PSD e desacartou rivalidade com o PL em n\u00edvel estadual.","rel":"","context":"Em &quot;Elei\u00e7\u00f5es 2024&quot;","block_context":{"text":"Elei\u00e7\u00f5es 2024","link":"http:\/\/blogdomello.com.br\/blog\/category\/eleicoes-2024\/"},"img":{"alt_text":"","src":"https:\/\/i0.wp.com\/blogdomello.com.br\/blog\/wp-content\/uploads\/2024\/10\/Captura-de-tela-2024-10-29-071912.png?fit=881%2C478&resize=350%2C200","width":350,"height":200,"srcset":"https:\/\/i0.wp.com\/blogdomello.com.br\/blog\/wp-content\/uploads\/2024\/10\/Captura-de-tela-2024-10-29-071912.png?fit=881%2C478&resize=350%2C200 1x, https:\/\/i0.wp.com\/blogdomello.com.br\/blog\/wp-content\/uploads\/2024\/10\/Captura-de-tela-2024-10-29-071912.png?fit=881%2C478&resize=525%2C300 1.5x, https:\/\/i0.wp.com\/blogdomello.com.br\/blog\/wp-content\/uploads\/2024\/10\/Captura-de-tela-2024-10-29-071912.png?fit=881%2C478&resize=700%2C400 2x"},"classes":[]},{"id":3451,"url":"http:\/\/blogdomello.com.br\/blog\/lideres-de-pl-e-psdb-se-apressam-em-nota-de-oposicao-vereadores-ainda-devem-conversar\/","url_meta":{"origin":3402,"position":1},"title":"L\u00edderes de PL e PSDB se apressam em nota de oposi\u00e7\u00e3o, vereadores ainda devem conversar","author":"danmello","date":"30\/10\/2024 - 06:52","format":false,"excerpt":"Vereadores hesitam em adotar uma oposi\u00e7\u00e3o clara ao prefeito Anderson Farias, revelando que a oposi\u00e7\u00e3o pode n\u00e3o ser do tamanho que os caciques falam.","rel":"","context":"Em &quot;Cidade&quot;","block_context":{"text":"Cidade","link":"http:\/\/blogdomello.com.br\/blog\/category\/cidade\/"},"img":{"alt_text":"","src":"https:\/\/i0.wp.com\/blogdomello.com.br\/blog\/wp-content\/uploads\/2024\/10\/image-4-edited.png?fit=968%2C544&resize=350%2C200","width":350,"height":200,"srcset":"https:\/\/i0.wp.com\/blogdomello.com.br\/blog\/wp-content\/uploads\/2024\/10\/image-4-edited.png?fit=968%2C544&resize=350%2C200 1x, https:\/\/i0.wp.com\/blogdomello.com.br\/blog\/wp-content\/uploads\/2024\/10\/image-4-edited.png?fit=968%2C544&resize=525%2C300 1.5x, https:\/\/i0.wp.com\/blogdomello.com.br\/blog\/wp-content\/uploads\/2024\/10\/image-4-edited.png?fit=968%2C544&resize=700%2C400 2x"},"classes":[]},{"id":3388,"url":"http:\/\/blogdomello.com.br\/blog\/com-que-salto-eu-vou\/","url_meta":{"origin":3402,"position":2},"title":"Com que salto eu vou?","author":"danmello","date":"28\/10\/2024 - 14:29","format":false,"excerpt":"A escolha parecia simples para Eduardo Cury, nas elei\u00e7\u00f5es de 2024: o \"sapato velho de Salto 45\", ou \u201csapato de grife novo de Salto 22\u201d. Anderson venceu a elei\u00e7\u00e3o de forma merecida, que reflete a avalia\u00e7\u00e3o do seu governo. O joseense quer trabalho! Mas vamos falar do advers\u00e1rio, no day\u2026","rel":"","context":"Em &quot;Cidade&quot;","block_context":{"text":"Cidade","link":"http:\/\/blogdomello.com.br\/blog\/category\/cidade\/"},"img":{"alt_text":"","src":"https:\/\/i0.wp.com\/blogdomello.com.br\/blog\/wp-content\/uploads\/2024\/10\/1e3325ec-0787-4781-bac5-0ebf608bacee.jpeg?fit=1024%2C1024&resize=350%2C200","width":350,"height":200,"srcset":"https:\/\/i0.wp.com\/blogdomello.com.br\/blog\/wp-content\/uploads\/2024\/10\/1e3325ec-0787-4781-bac5-0ebf608bacee.jpeg?fit=1024%2C1024&resize=350%2C200 1x, https:\/\/i0.wp.com\/blogdomello.com.br\/blog\/wp-content\/uploads\/2024\/10\/1e3325ec-0787-4781-bac5-0ebf608bacee.jpeg?fit=1024%2C1024&resize=525%2C300 1.5x, https:\/\/i0.wp.com\/blogdomello.com.br\/blog\/wp-content\/uploads\/2024\/10\/1e3325ec-0787-4781-bac5-0ebf608bacee.jpeg?fit=1024%2C1024&resize=700%2C400 2x"},"classes":[]},{"id":3479,"url":"http:\/\/blogdomello.com.br\/blog\/jacarei-pode-amanhecer-sem-transporte-por-falta-de-pagamento\/","url_meta":{"origin":3402,"position":3},"title":"Jacare\u00ed pode amanhecer sem transporte, por falta de pagamento","author":"danmello","date":"30\/10\/2024 - 19:59","format":false,"excerpt":"Presidente do Sindicato dos Condutores, alega que a prefeitura n\u00e3o repassou os valores devidos para as empresas","rel":"","context":"Em &quot;Jacare\u00ed&quot;","block_context":{"text":"Jacare\u00ed","link":"http:\/\/blogdomello.com.br\/blog\/category\/jacarei\/"},"img":{"alt_text":"","src":"https:\/\/i0.wp.com\/blogdomello.com.br\/blog\/wp-content\/uploads\/2024\/10\/image-8.png?resize=350%2C200&ssl=1","width":350,"height":200},"classes":[]},{"id":3463,"url":"http:\/\/blogdomello.com.br\/blog\/eu-preciso-pedir-desculpas-diz-cury\/","url_meta":{"origin":3402,"position":4},"title":"&#8220;Eu preciso pedir desculpas&#8221;, diz Cury","author":"danmello","date":"30\/10\/2024 - 19:12","format":false,"excerpt":"Em entrevista a Jovem Pan, Cury pediu desculpas por n\u00e3o ser entendido. Mas que ele n\u00e3o percebeu sobre a elei\u00e7\u00e3o?","rel":"","context":"Em &quot;Elei\u00e7\u00f5es 2024&quot;","block_context":{"text":"Elei\u00e7\u00f5es 2024","link":"http:\/\/blogdomello.com.br\/blog\/category\/eleicoes-2024\/"},"img":{"alt_text":"","src":"https:\/\/i0.wp.com\/blogdomello.com.br\/blog\/wp-content\/uploads\/2024\/10\/image-6.png?fit=875%2C478&resize=350%2C200","width":350,"height":200,"srcset":"https:\/\/i0.wp.com\/blogdomello.com.br\/blog\/wp-content\/uploads\/2024\/10\/image-6.png?fit=875%2C478&resize=350%2C200 1x, https:\/\/i0.wp.com\/blogdomello.com.br\/blog\/wp-content\/uploads\/2024\/10\/image-6.png?fit=875%2C478&resize=525%2C300 1.5x, https:\/\/i0.wp.com\/blogdomello.com.br\/blog\/wp-content\/uploads\/2024\/10\/image-6.png?fit=875%2C478&resize=700%2C400 2x"},"classes":[]},{"id":3406,"url":"http:\/\/blogdomello.com.br\/blog\/cury-ve-vantagem-de-anderson-aumentar-no-2o-turno\/","url_meta":{"origin":3402,"position":5},"title":"Cury v\u00ea vantagem de Anderson aumentar no 2\u00ba turno","author":"danmello","date":"28\/10\/2024 - 17:48","format":false,"excerpt":"Anderson ampliou diferen\u00e7a em pelo menos 10% do que tinha conquistado em primeiro turno Em apenas 20 dias de campanha, Anderson conseguiu aumentar sua vantagem para 55.687 votos em rela\u00e7\u00e3o a Eduardo Cury. Assim, a diferen\u00e7a aumentou em 5.573 votos. Mesmo com um esfor\u00e7o adicional dos aliados de \u00faltima hora,\u2026","rel":"","context":"Em &quot;Elei\u00e7\u00f5es 2024&quot;","block_context":{"text":"Elei\u00e7\u00f5es 2024","link":"http:\/\/blogdomello.com.br\/blog\/category\/eleicoes-2024\/"},"img":{"alt_text":"","src":"https:\/\/i0.wp.com\/blogdomello.com.br\/blog\/wp-content\/uploads\/2024\/10\/ANDERSON-FESTA-VITORIA-PSD-DIVULG-8-768x512-1.jpg?fit=768%2C512&resize=350%2C200","width":350,"height":200,"srcset":"https:\/\/i0.wp.com\/blogdomello.com.br\/blog\/wp-content\/uploads\/2024\/10\/ANDERSON-FESTA-VITORIA-PSD-DIVULG-8-768x512-1.jpg?fit=768%2C512&resize=350%2C200 1x, https:\/\/i0.wp.com\/blogdomello.com.br\/blog\/wp-content\/uploads\/2024\/10\/ANDERSON-FESTA-VITORIA-PSD-DIVULG-8-768x512-1.jpg?fit=768%2C512&resize=525%2C300 1.5x, https:\/\/i0.wp.com\/blogdomello.com.br\/blog\/wp-content\/uploads\/2024\/10\/ANDERSON-FESTA-VITORIA-PSD-DIVULG-8-768x512-1.jpg?fit=768%2C512&resize=700%2C400 2x"},"classes":[]}],"jetpack_likes_enabled":false,"_links":{"self":[{"href":"http:\/\/blogdomello.com.br\/blog\/wp-json\/wp\/v2\/posts\/3402","targetHints":{"allow":["GET"]}}],"collection":[{"href":"http:\/\/blogdomello.com.br\/blog\/wp-json\/wp\/v2\/posts"}],"about":[{"href":"http:\/\/blogdomello.com.br\/blog\/wp-json\/wp\/v2\/types\/post"}],"author":[{"embeddable":true,"href":"http:\/\/blogdomello.com.br\/blog\/wp-json\/wp\/v2\/users\/1"}],"replies":[{"embeddable":true,"href":"http:\/\/blogdomello.com.br\/blog\/wp-json\/wp\/v2\/comments?post=3402"}],"version-history":[{"count":2,"href":"http:\/\/blogdomello.com.br\/blog\/wp-json\/wp\/v2\/posts\/3402\/revisions"}],"predecessor-version":[{"id":3405,"href":"http:\/\/blogdomello.com.br\/blog\/wp-json\/wp\/v2\/posts\/3402\/revisions\/3405"}],"wp:featuredmedia":[{"embeddable":true,"href":"http:\/\/blogdomello.com.br\/blog\/wp-json\/wp\/v2\/media\/3403"}],"wp:attachment":[{"href":"http:\/\/blogdomello.com.br\/blog\/wp-json\/wp\/v2\/media?parent=3402"}],"wp:term":[{"taxonomy":"category","embeddable":true,"href":"http:\/\/blogdomello.com.br\/blog\/wp-json\/wp\/v2\/categories?post=3402"},{"taxonomy":"post_tag","embeddable":true,"href":"http:\/\/blogdomello.com.br\/blog\/wp-json\/wp\/v2\/tags?post=3402"}],"curies":[{"name":"wp","href":"https:\/\/api.w.org\/{rel}","templated":true}]}}