{"id":3388,"date":"2024-10-28T14:29:55","date_gmt":"2024-10-28T17:29:55","guid":{"rendered":"http:\/\/blogdomello.com.br\/blog\/?p=3388"},"modified":"2024-10-28T14:36:13","modified_gmt":"2024-10-28T17:36:13","slug":"com-que-salto-eu-vou","status":"publish","type":"post","link":"http:\/\/blogdomello.com.br\/blog\/com-que-salto-eu-vou\/","title":{"rendered":"Com que salto eu vou?"},"content":{"rendered":"\n<p class=\"\"><em><strong>A escolha parecia simples para Eduardo Cury, nas elei\u00e7\u00f5es de 2024: o &#8220;sapato velho de Salto 45&#8221;,  ou \u201csapato de grife novo de Salto 22\u201d. <\/strong><\/em><\/p>\n\n\n\n<figure class=\"wp-block-image size-full\"><img data-recalc-dims=\"1\" loading=\"lazy\" decoding=\"async\" width=\"1024\" height=\"1024\" data-attachment-id=\"3389\" data-permalink=\"http:\/\/blogdomello.com.br\/blog\/com-que-salto-eu-vou\/1e3325ec-0787-4781-bac5-0ebf608bacee\/\" data-orig-file=\"https:\/\/i0.wp.com\/blogdomello.com.br\/blog\/wp-content\/uploads\/2024\/10\/1e3325ec-0787-4781-bac5-0ebf608bacee.jpeg?fit=1024%2C1024\" data-orig-size=\"1024,1024\" data-comments-opened=\"0\" data-image-meta=\"{&quot;aperture&quot;:&quot;0&quot;,&quot;credit&quot;:&quot;&quot;,&quot;camera&quot;:&quot;&quot;,&quot;caption&quot;:&quot;&quot;,&quot;created_timestamp&quot;:&quot;0&quot;,&quot;copyright&quot;:&quot;&quot;,&quot;focal_length&quot;:&quot;0&quot;,&quot;iso&quot;:&quot;0&quot;,&quot;shutter_speed&quot;:&quot;0&quot;,&quot;title&quot;:&quot;&quot;,&quot;orientation&quot;:&quot;0&quot;}\" data-image-title=\"1e3325ec-0787-4781-bac5-0ebf608bacee\" data-image-description=\"\" data-image-caption=\"\" data-large-file=\"https:\/\/i0.wp.com\/blogdomello.com.br\/blog\/wp-content\/uploads\/2024\/10\/1e3325ec-0787-4781-bac5-0ebf608bacee.jpeg?fit=1024%2C1024\" src=\"https:\/\/i0.wp.com\/blogdomello.com.br\/blog\/wp-content\/uploads\/2024\/10\/1e3325ec-0787-4781-bac5-0ebf608bacee.jpeg?resize=1024%2C1024\" alt=\"\" class=\"wp-image-3389\" srcset=\"https:\/\/i0.wp.com\/blogdomello.com.br\/blog\/wp-content\/uploads\/2024\/10\/1e3325ec-0787-4781-bac5-0ebf608bacee.jpeg?w=1024 1024w, https:\/\/i0.wp.com\/blogdomello.com.br\/blog\/wp-content\/uploads\/2024\/10\/1e3325ec-0787-4781-bac5-0ebf608bacee.jpeg?resize=300%2C300 300w, https:\/\/i0.wp.com\/blogdomello.com.br\/blog\/wp-content\/uploads\/2024\/10\/1e3325ec-0787-4781-bac5-0ebf608bacee.jpeg?resize=150%2C150 150w, https:\/\/i0.wp.com\/blogdomello.com.br\/blog\/wp-content\/uploads\/2024\/10\/1e3325ec-0787-4781-bac5-0ebf608bacee.jpeg?resize=768%2C768 768w, https:\/\/i0.wp.com\/blogdomello.com.br\/blog\/wp-content\/uploads\/2024\/10\/1e3325ec-0787-4781-bac5-0ebf608bacee.jpeg?resize=50%2C50 50w, https:\/\/i0.wp.com\/blogdomello.com.br\/blog\/wp-content\/uploads\/2024\/10\/1e3325ec-0787-4781-bac5-0ebf608bacee.jpeg?resize=80%2C80 80w, https:\/\/i0.wp.com\/blogdomello.com.br\/blog\/wp-content\/uploads\/2024\/10\/1e3325ec-0787-4781-bac5-0ebf608bacee.jpeg?resize=320%2C320 320w\" sizes=\"auto, (max-width: 1000px) 100vw, 1000px\" \/><\/figure>\n\n\n\n<p class=\"\"><strong>Anderson venceu a elei\u00e7\u00e3o de forma merecida, que reflete a avalia\u00e7\u00e3o do seu governo. O joseense quer trabalho!<\/strong><\/p>\n\n\n\n<p class=\"\">Mas vamos falar do advers\u00e1rio, no <em>day after<\/em> da elei\u00e7\u00e3o: <strong>Cury, apoiado mais pelo recall do que por propostas novas e com ares de favoritismo, confiou excessivamente em pesquisas, achando que seu hist\u00f3rico era suficiente para garantir a vit\u00f3ria.<\/strong> Essa postura de <em>&#8220;curral eleitoral&#8221;<\/em>, como quem espera votos por h\u00e1bito, sem prestar contas ao povo, acabou levando a uma <strong>derrota retumbante<\/strong>.<\/p>\n\n\n\n<p class=\"\"><strong>Os apoios de Cury s\u00f3 n\u00e3o inclu\u00edram o Batman: v\u00e1rias lideran\u00e7as de direita sem nenhuma conex\u00e3o com o candidato apareceram.<\/strong> Com o aval de <em>Rog\u00e9rio Marinho<\/em>, seu chefe em Bras\u00edlia, teve at\u00e9 uma <strong>passagem pol\u00eamica de Bolsonaro<\/strong> na cidade.<\/p>\n\n\n\n<p class=\"\"><strong>Cury parecia ter montado uma rede de alian\u00e7as pol\u00edticas de peso \u2014 mas n\u00e3o para o eleitorado.<\/strong> Bolsonaro, em uma <em>live<\/em>, o chamou de <em>&#8220;peixe do Marinho&#8221;<\/em>, revelando o verdadeiro v\u00ednculo de Cury com o senador Rog\u00e9rio Marinho, lembrando o p\u00fablico do lado <em>&#8220;velho&#8221;<\/em> do jogo pol\u00edtico. Aliados como <em>Valdemar Costa Neto<\/em>, chefe do PL que deu um show de prepot\u00eancia, tamb\u00e9m n\u00e3o ajudaram em nada, s\u00f3 refor\u00e7ando a imagem de um <strong>Cury mais pr\u00f3ximo do poder que do povo<\/strong>.<\/p>\n\n\n\n<p class=\"\"><strong>A arrog\u00e2ncia ficou clara quando ele decidiu n\u00e3o participar dos debates do primeiro turno e fechou com chave de ouro ao n\u00e3o cumprimentar publicamente o seu advers\u00e1rio.<\/strong> Afastado dos eleitores, Cury evitou expor ideias e deixou de dialogar diretamente com a popula\u00e7\u00e3o, perdendo uma <strong>oportunidade importante de conquistar as pessoas<\/strong>.<\/p>\n\n\n\n<p class=\"\">Quando as pesquisas come\u00e7aram a mostrar queda, <strong>sua postura mudou<\/strong>: Cury passou a lan\u00e7ar <strong>ataques intensos contra o prefeito Anderson<\/strong>, criticando a gest\u00e3o bem avaliada do advers\u00e1rio, as suas equipes e, indiretamente, <strong>os eleitores que preferiram outros candidatos.<\/strong> Puro desespero.<\/p>\n\n\n\n<p class=\"\">No final, <strong>Anderson foi reeleito, provando que o favoritismo de Cury era, no fundo, uma bolha que s\u00f3 o entorno dele acreditou.<\/strong> A derrota mostra que, na pol\u00edtica, \u00e9 preciso mais do que um nome antigo ou n\u00fameros de pesquisa; \u00e9 essencial estar pr\u00f3ximo do povo e agir com <strong>humildade<\/strong>.<\/p>\n\n\n\n<p class=\"\"><strong>Cury agora se coloca como oposi\u00e7\u00e3o<\/strong>, mas com a fatura pol\u00edtica de uma campanha desgastante, pode encontrar <strong>desafios ainda maiores em manter essa posi\u00e7\u00e3o<\/strong> \u2014 especialmente com a cobran\u00e7a de aliados de \u00faltima hora, que esperam retorno em 2026, como o Dr. Elton.<\/p>\n\n\n\n<p class=\"\"><strong>A li\u00e7\u00e3o \u00e9 clara: em S\u00e3o Jos\u00e9 dos Campos, o eleitor quer mais do que um \u201csapato velho\u201d ou um &#8220;sapato de grife&#8221;. Quer solu\u00e7\u00f5es reais para a sua cidade.<\/strong><\/p>\n","protected":false},"excerpt":{"rendered":"<p>A escolha parecia simples para Eduardo Cury, nas elei\u00e7\u00f5es de 2024: o &#8220;sapato velho de Salto 45&#8221;, ou \u201csapato de grife novo de Salto 22\u201d. Anderson venceu a elei\u00e7\u00e3o de forma merecida, que reflete&#46;&#46;&#46;<\/p>\n","protected":false},"author":1,"featured_media":3389,"comment_status":"closed","ping_status":"open","sticky":false,"template":"","format":"standard","meta":{"nf_dc_page":"","om_disable_all_campaigns":false,"jetpack_post_was_ever_published":false,"_jetpack_newsletter_access":"","_jetpack_dont_email_post_to_subs":false,"_jetpack_newsletter_tier_id":0,"_jetpack_memberships_contains_paywalled_content":false,"_jetpack_memberships_contains_paid_content":false,"footnotes":"","jetpack_publicize_message":"","jetpack_publicize_feature_enabled":true,"jetpack_social_post_already_shared":true,"jetpack_social_options":{"image_generator_settings":{"template":"highway","default_image_id":0,"font":"","enabled":false},"version":2}},"categories":[7],"tags":[62,350,71],"class_list":["post-3388","post","type-post","status-publish","format-standard","has-post-thumbnail","hentry","category-cidade","tag-eduardo-cury","tag-eleicao-2024","tag-sao-jose-dos-campos"],"wppr_data":{"cwp_meta_box_check":"No"},"jetpack_publicize_connections":[],"jetpack_featured_media_url":"https:\/\/i0.wp.com\/blogdomello.com.br\/blog\/wp-content\/uploads\/2024\/10\/1e3325ec-0787-4781-bac5-0ebf608bacee.jpeg?fit=1024%2C1024","jetpack_sharing_enabled":true,"jetpack_shortlink":"https:\/\/wp.me\/p6LMUA-SE","jetpack-related-posts":[{"id":3435,"url":"http:\/\/blogdomello.com.br\/blog\/cachorro-quente-e-justica-so-pode-ser-vitoria-da-dona-neusa\/","url_meta":{"origin":3388,"position":0},"title":"Cachorro quente e justi\u00e7a: s\u00f3 pode ser vit\u00f3ria da Dona Neusa!","author":"danmello","date":"29\/10\/2024 - 23:31","format":false,"excerpt":"Dona Neusa, famosa por seu cachorro-quente, enfrentou mais uma vez a persegui\u00e7\u00e3o do ex-prefeito Eduardo Cury.","rel":"","context":"Em &quot;Elei\u00e7\u00f5es 2024&quot;","block_context":{"text":"Elei\u00e7\u00f5es 2024","link":"http:\/\/blogdomello.com.br\/blog\/category\/eleicoes-2024\/"},"img":{"alt_text":"","src":"https:\/\/i0.wp.com\/blogdomello.com.br\/blog\/wp-content\/uploads\/2024\/10\/image-2.png?fit=640%2C428&resize=350%2C200","width":350,"height":200,"srcset":"https:\/\/i0.wp.com\/blogdomello.com.br\/blog\/wp-content\/uploads\/2024\/10\/image-2.png?fit=640%2C428&resize=350%2C200 1x, https:\/\/i0.wp.com\/blogdomello.com.br\/blog\/wp-content\/uploads\/2024\/10\/image-2.png?fit=640%2C428&resize=525%2C300 1.5x"},"classes":[]},{"id":3463,"url":"http:\/\/blogdomello.com.br\/blog\/eu-preciso-pedir-desculpas-diz-cury\/","url_meta":{"origin":3388,"position":1},"title":"&#8220;Eu preciso pedir desculpas&#8221;, diz Cury","author":"danmello","date":"30\/10\/2024 - 19:12","format":false,"excerpt":"Em entrevista a Jovem Pan, Cury pediu desculpas por n\u00e3o ser entendido. Mas que ele n\u00e3o percebeu sobre a elei\u00e7\u00e3o?","rel":"","context":"Em &quot;Elei\u00e7\u00f5es 2024&quot;","block_context":{"text":"Elei\u00e7\u00f5es 2024","link":"http:\/\/blogdomello.com.br\/blog\/category\/eleicoes-2024\/"},"img":{"alt_text":"","src":"https:\/\/i0.wp.com\/blogdomello.com.br\/blog\/wp-content\/uploads\/2024\/10\/image-6.png?fit=875%2C478&resize=350%2C200","width":350,"height":200,"srcset":"https:\/\/i0.wp.com\/blogdomello.com.br\/blog\/wp-content\/uploads\/2024\/10\/image-6.png?fit=875%2C478&resize=350%2C200 1x, https:\/\/i0.wp.com\/blogdomello.com.br\/blog\/wp-content\/uploads\/2024\/10\/image-6.png?fit=875%2C478&resize=525%2C300 1.5x, https:\/\/i0.wp.com\/blogdomello.com.br\/blog\/wp-content\/uploads\/2024\/10\/image-6.png?fit=875%2C478&resize=700%2C400 2x"},"classes":[]},{"id":3406,"url":"http:\/\/blogdomello.com.br\/blog\/cury-ve-vantagem-de-anderson-aumentar-no-2o-turno\/","url_meta":{"origin":3388,"position":2},"title":"Cury v\u00ea vantagem de Anderson aumentar no 2\u00ba turno","author":"danmello","date":"28\/10\/2024 - 17:48","format":false,"excerpt":"Anderson ampliou diferen\u00e7a em pelo menos 10% do que tinha conquistado em primeiro turno Em apenas 20 dias de campanha, Anderson conseguiu aumentar sua vantagem para 55.687 votos em rela\u00e7\u00e3o a Eduardo Cury. Assim, a diferen\u00e7a aumentou em 5.573 votos. Mesmo com um esfor\u00e7o adicional dos aliados de \u00faltima hora,\u2026","rel":"","context":"Em &quot;Elei\u00e7\u00f5es 2024&quot;","block_context":{"text":"Elei\u00e7\u00f5es 2024","link":"http:\/\/blogdomello.com.br\/blog\/category\/eleicoes-2024\/"},"img":{"alt_text":"","src":"https:\/\/i0.wp.com\/blogdomello.com.br\/blog\/wp-content\/uploads\/2024\/10\/ANDERSON-FESTA-VITORIA-PSD-DIVULG-8-768x512-1.jpg?fit=768%2C512&resize=350%2C200","width":350,"height":200,"srcset":"https:\/\/i0.wp.com\/blogdomello.com.br\/blog\/wp-content\/uploads\/2024\/10\/ANDERSON-FESTA-VITORIA-PSD-DIVULG-8-768x512-1.jpg?fit=768%2C512&resize=350%2C200 1x, https:\/\/i0.wp.com\/blogdomello.com.br\/blog\/wp-content\/uploads\/2024\/10\/ANDERSON-FESTA-VITORIA-PSD-DIVULG-8-768x512-1.jpg?fit=768%2C512&resize=525%2C300 1.5x, https:\/\/i0.wp.com\/blogdomello.com.br\/blog\/wp-content\/uploads\/2024\/10\/ANDERSON-FESTA-VITORIA-PSD-DIVULG-8-768x512-1.jpg?fit=768%2C512&resize=700%2C400 2x"},"classes":[]},{"id":3488,"url":"http:\/\/blogdomello.com.br\/blog\/prometeu-dinheiro-e-deu-o-calote-nas-empresas-de-onibus\/","url_meta":{"origin":3388,"position":3},"title":"Prometeu dinheiro e deu o &#8220;calote&#8221; nas empresas de \u00f4nibus","author":"danmello","date":"31\/10\/2024 - 12:33","format":false,"excerpt":"Greve explode ap\u00f3s promessa furada! Ser\u00e1 estelionato eleitoral?","rel":"","context":"Em &quot;Jacare\u00ed&quot;","block_context":{"text":"Jacare\u00ed","link":"http:\/\/blogdomello.com.br\/blog\/category\/jacarei\/"},"img":{"alt_text":"","src":"https:\/\/i0.wp.com\/blogdomello.com.br\/blog\/wp-content\/uploads\/2024\/10\/image-9.png?fit=770%2C431&resize=350%2C200","width":350,"height":200,"srcset":"https:\/\/i0.wp.com\/blogdomello.com.br\/blog\/wp-content\/uploads\/2024\/10\/image-9.png?fit=770%2C431&resize=350%2C200 1x, https:\/\/i0.wp.com\/blogdomello.com.br\/blog\/wp-content\/uploads\/2024\/10\/image-9.png?fit=770%2C431&resize=525%2C300 1.5x, https:\/\/i0.wp.com\/blogdomello.com.br\/blog\/wp-content\/uploads\/2024\/10\/image-9.png?fit=770%2C431&resize=700%2C400 2x"},"classes":[]},{"id":3451,"url":"http:\/\/blogdomello.com.br\/blog\/lideres-de-pl-e-psdb-se-apressam-em-nota-de-oposicao-vereadores-ainda-devem-conversar\/","url_meta":{"origin":3388,"position":4},"title":"L\u00edderes de PL e PSDB se apressam em nota de oposi\u00e7\u00e3o, vereadores ainda devem conversar","author":"danmello","date":"30\/10\/2024 - 06:52","format":false,"excerpt":"Vereadores hesitam em adotar uma oposi\u00e7\u00e3o clara ao prefeito Anderson Farias, revelando que a oposi\u00e7\u00e3o pode n\u00e3o ser do tamanho que os caciques falam.","rel":"","context":"Em &quot;Cidade&quot;","block_context":{"text":"Cidade","link":"http:\/\/blogdomello.com.br\/blog\/category\/cidade\/"},"img":{"alt_text":"","src":"https:\/\/i0.wp.com\/blogdomello.com.br\/blog\/wp-content\/uploads\/2024\/10\/image-4-edited.png?fit=968%2C544&resize=350%2C200","width":350,"height":200,"srcset":"https:\/\/i0.wp.com\/blogdomello.com.br\/blog\/wp-content\/uploads\/2024\/10\/image-4-edited.png?fit=968%2C544&resize=350%2C200 1x, https:\/\/i0.wp.com\/blogdomello.com.br\/blog\/wp-content\/uploads\/2024\/10\/image-4-edited.png?fit=968%2C544&resize=525%2C300 1.5x, https:\/\/i0.wp.com\/blogdomello.com.br\/blog\/wp-content\/uploads\/2024\/10\/image-4-edited.png?fit=968%2C544&resize=700%2C400 2x"},"classes":[]},{"id":3426,"url":"http:\/\/blogdomello.com.br\/blog\/perguntar-nao-ofende-prefeito-de-jacarei-e-a-dilma-que-cury-previa\/","url_meta":{"origin":3388,"position":5},"title":"Perguntar, n\u00e3o ofende: Iza\u00edas \u00e9 a \u201cDilma\u201d que Cury previa?","author":"danmello","date":"29\/10\/2024 - 22:37","format":false,"excerpt":"Cury e Emanuel previram a crise em S\u00e3o Jos\u00e9, mas erraram: o verdadeiro drama financeiro explode em Jacare\u00ed, onde Iza\u00edas Santana n\u00e3o deve ter seguido a cartilha da boa gest\u00e3o.","rel":"","context":"Em &quot;Jacare\u00ed&quot;","block_context":{"text":"Jacare\u00ed","link":"http:\/\/blogdomello.com.br\/blog\/category\/jacarei\/"},"img":{"alt_text":"","src":"https:\/\/i0.wp.com\/blogdomello.com.br\/blog\/wp-content\/uploads\/2024\/10\/DILMA-DE-JACAREI.png?fit=1080%2C1080&resize=350%2C200","width":350,"height":200,"srcset":"https:\/\/i0.wp.com\/blogdomello.com.br\/blog\/wp-content\/uploads\/2024\/10\/DILMA-DE-JACAREI.png?fit=1080%2C1080&resize=350%2C200 1x, https:\/\/i0.wp.com\/blogdomello.com.br\/blog\/wp-content\/uploads\/2024\/10\/DILMA-DE-JACAREI.png?fit=1080%2C1080&resize=525%2C300 1.5x, https:\/\/i0.wp.com\/blogdomello.com.br\/blog\/wp-content\/uploads\/2024\/10\/DILMA-DE-JACAREI.png?fit=1080%2C1080&resize=700%2C400 2x, https:\/\/i0.wp.com\/blogdomello.com.br\/blog\/wp-content\/uploads\/2024\/10\/DILMA-DE-JACAREI.png?fit=1080%2C1080&resize=1050%2C600 3x"},"classes":[]}],"jetpack_likes_enabled":false,"_links":{"self":[{"href":"http:\/\/blogdomello.com.br\/blog\/wp-json\/wp\/v2\/posts\/3388","targetHints":{"allow":["GET"]}}],"collection":[{"href":"http:\/\/blogdomello.com.br\/blog\/wp-json\/wp\/v2\/posts"}],"about":[{"href":"http:\/\/blogdomello.com.br\/blog\/wp-json\/wp\/v2\/types\/post"}],"author":[{"embeddable":true,"href":"http:\/\/blogdomello.com.br\/blog\/wp-json\/wp\/v2\/users\/1"}],"replies":[{"embeddable":true,"href":"http:\/\/blogdomello.com.br\/blog\/wp-json\/wp\/v2\/comments?post=3388"}],"version-history":[{"count":5,"href":"http:\/\/blogdomello.com.br\/blog\/wp-json\/wp\/v2\/posts\/3388\/revisions"}],"predecessor-version":[{"id":3400,"href":"http:\/\/blogdomello.com.br\/blog\/wp-json\/wp\/v2\/posts\/3388\/revisions\/3400"}],"wp:featuredmedia":[{"embeddable":true,"href":"http:\/\/blogdomello.com.br\/blog\/wp-json\/wp\/v2\/media\/3389"}],"wp:attachment":[{"href":"http:\/\/blogdomello.com.br\/blog\/wp-json\/wp\/v2\/media?parent=3388"}],"wp:term":[{"taxonomy":"category","embeddable":true,"href":"http:\/\/blogdomello.com.br\/blog\/wp-json\/wp\/v2\/categories?post=3388"},{"taxonomy":"post_tag","embeddable":true,"href":"http:\/\/blogdomello.com.br\/blog\/wp-json\/wp\/v2\/tags?post=3388"}],"curies":[{"name":"wp","href":"https:\/\/api.w.org\/{rel}","templated":true}]}}